{"id":4645,"date":"2017-05-17T13:48:14","date_gmt":"2017-05-17T13:48:14","guid":{"rendered":"https:\/\/millercanfield.pl\/?p=4645"},"modified":"2025-04-14T18:04:11","modified_gmt":"2025-04-14T18:04:11","slug":"consent-to-processing-of-personal-data-under-gdpr","status":"publish","type":"post","link":"https:\/\/millercanfield.pl\/en\/consent-to-processing-of-personal-data-under-gdpr\/","title":{"rendered":"CONSENT TO PROCESSING OF PERSONAL DATA UNDER GDPR"},"content":{"rendered":"\t\t<div data-elementor-type=\"wp-post\" data-elementor-id=\"4645\" class=\"elementor elementor-4645 elementor-4668\" data-elementor-post-type=\"post\">\n\t\t\t\t<div class=\"elementor-element elementor-element-63439ae5 e-flex e-con-boxed e-con e-parent\" data-id=\"63439ae5\" data-element_type=\"container\" data-e-type=\"container\">\n\t\t\t\t\t<div class=\"e-con-inner\">\n\t\t\t\t<div class=\"elementor-element elementor-element-6c93be7c exad-sticky-section-no exad-glass-effect-no elementor-widget elementor-widget-text-editor\" data-id=\"6c93be7c\" data-element_type=\"widget\" data-e-type=\"widget\" data-widget_type=\"text-editor.default\">\n\t\t\t\t<div class=\"elementor-widget-container\">\n\t\t\t\t\t\t\t\t\t<p>Zar\u00f3wno w obecnym stanie prawnym, jak i na gruncie Rozporz\u0105dzenia, zgoda na przetwarzanie danych osobowych wyra\u017cona przez osob\u0119, kt\u00f3rej dane dotycz\u0105, jest jedn\u0105 z przes\u0142anek legalizuj\u0105cych przetwarzanie danych osobowych.<br \/>Jednak Rozporz\u0105dzenie wprowadza istotne zmiany w zakresie pozyskiwania zgody na przetwarzanie danych osobowych. Wspomniane zmiany wymusz\u0105 wprowadzenie modyfikacji do procesu pozyskiwania zgody po 25 maja 2018 r., jak r\u00f3wnie\u017c mog\u0105 skutkowa\u0107 konieczno\u015bci\u0105 ponownego pozyskania takiej zgody od os\u00f3b, kt\u00f3re zgody udzieli\u0142y na podstawie obecnie obowi\u0105zuj\u0105cych przepis\u00f3w.<\/p><p>Na gruncie Rozporz\u0105dzenia \u201ezgoda\u201d osoby, kt\u00f3rej dane dotycz\u0105 oznacza dobrowolne, konkretne, \u015bwiadome i jednoznaczne okazanie woli, kt\u00f3rym osoba, kt\u00f3rej dane dotycz\u0105, w formie o\u015bwiadczenia lub wyra\u017anego dzia\u0142ania potwierdzaj\u0105cego, przyzwala na przetwarzanie dotycz\u0105cych jej danych osobowych. Zatem podstawowymi przes\u0142ankami konstrukcyjnymi zgody s\u0105 dobrowolno\u015b\u0107, konkretno\u015b\u0107, \u015bwiadomo\u015b\u0107 i jednoznaczno\u015b\u0107. Wyra\u017cenie zgody powinno by\u0107 oparte o zasad\u0119 opt- in, kt\u00f3ra wymaga od podmiotu danych podj\u0119cia pozytywnego dzia\u0142ania (np. zaznaczenia okienka zgody). Rozporz\u0105dzenie wyklucza natomiast dopuszczalno\u015b\u0107 modeli opt-out, kt\u00f3re wykorzystuj\u0105 bierno\u015b\u0107 lub milczenie, a cz\u0119sto po prostu nieuwag\u0119, osoby, kt\u00f3rej dane dotycz\u0105 (np. poprzez domy\u015blne zaznaczenie okienka zg\u00f3d).<\/p><p>Co istotne, Rozporz\u0105dzenie uelastycznia podej\u015bcie do wyra\u017cania zgody wzgl\u0119dem obecnych regulacji, dopuszczaj\u0105c wyra\u017cenie zgody nie tylko poprzez z\u0142o\u017cenie o\u015bwiadczenia woli, ale tak\u017ce poprzez jej okazanie w inny spos\u00f3b, np. poprzez wyb\u00f3r odpowiednich ustawie\u0144 technicznych do korzystania z us\u0142ug spo\u0142ecze\u0144stwa informacyjnego lub te\u017c inne zachowanie, kt\u00f3re w danym kontek\u015bcie jasno wskazuje, \u017ce osoba, kt\u00f3rej dane dotycz\u0105 zaakceptowa\u0142a proponowane warunki przetwarzania jej danych osobowych. Z\u0142o\u017cenie o\u015bwiadczenia o wyra\u017ceniu zgody na przetwarzanie danych osobowych nie wymaga \u017cadnej szczeg\u00f3lnej formy.<br \/>Jednak administrator danych musi by\u0107 w stanie wykaza\u0107, \u017ce osoba, kt\u00f3rej dane dotycz\u0105, tak\u0105 zgod\u0119 wyrazi\u0142a. Nale\u017cy zatem wdro\u017cy\u0107 odpowiednie \u015brodki organizacyjne i techniczne w zakresie utrwalania faktu wyra\u017cenia zgody na przetwarzanie danych osobowych przez podmioty danych.<\/p><p>Zgodnie z przepisami Rozporz\u0105dzenia osoba, kt\u00f3rej dane dotycz\u0105, ma prawo w dowolnym czasie wycofa\u0107 zgod\u0119 na przetwarzanie danych osobowych. Co prawda powy\u017csze uprawnienie wyst\u0119puje tak\u017ce na gruncie obecnych przepis\u00f3w, jednak Rozporz\u0105dzenie dodatkowo wymaga, aby w momencie zbierania danych osoba, kt\u00f3rej dane dotycz\u0105, zosta\u0142a o tym uprawnieniu poinformowana. Rozporz\u0105dzenie wskazuje ponadto, \u017ce wycofanie zgody powinno by\u0107 r\u00f3wnie \u0142atwe jak jej udzielenie. Administratorzy danych powinni zatem opracowa\u0107 procedury umo\u017cliwiaj\u0105ce wycofanie zgody w spos\u00f3b analogiczny do sposobu jej udzielenia.<\/p><p>Zapytanie o zgod\u0119 musi zosta\u0107 przedstawione w spos\u00f3b pozwalaj\u0105cy wyra\u017anie odr\u00f3\u017cni\u0107 je od pozosta\u0142ych kwestii, w zrozumia\u0142ej i \u0142atwo dost\u0119pnej formie, jasnym i prostym j\u0119zykiem.<br \/>Rozporz\u0105dzenie znacz\u0105co poszerza katalog informacji, jakie powinny by\u0107 przekazane podmiotowi danych w momencie zbierania danych, m.in. wymagaj\u0105c wskazania okresu, przez jaki dane b\u0119d\u0105 przechowywane, podanie informacji o prawie do cofni\u0119cia zgody oraz informacji o zautomatyzowanym podejmowaniu decyzji. W zwi\u0105zku z powy\u017cszym wi\u0119kszo\u015b\u0107 administrator\u00f3w b\u0119dzie musia\u0142a zaktualizowa\u0107 zakres informacji podawanych osobom, kt\u00f3rych dane dotycz\u0105, w momencie zbierania danych.<\/p><p>Jak wynika z powy\u017cszego, Rozporz\u0105dzenie wprowadza wiele zmian w zakresie procesu pozyskiwania zgody na przetwarzanie danych osobowych. W zwi\u0105zku ze zbli\u017caj\u0105cym si\u0119 terminem stosowania Rozporz\u0105dzenia (25 maja 2018 r.) przedsi\u0119biorcy powinni zweryfikowa\u0107 czy mechanizmy, kt\u00f3re stosuj\u0105 do pozyskiwania i przetwarzania danych s\u0105 zgodne z now\u0105 regulacj\u0105 i jakie niezb\u0119dne zmiany nale\u017ca\u0142oby wprowadzi\u0107.<br \/>Nale\u017cy tak\u017ce przeanalizowa\u0107, czy b\u0119dzie mo\u017cna kontynuowa\u0107 przetwarzanie danych na podstawie zgody uzyskanej przed dat\u0105 rozpocz\u0119cia stosowania nowych regulacji. Zgodnie z motywem 171 preambu\u0142y Rozporz\u0105dzenia, je\u017celi przetwarzanie ma za podstaw\u0119 zgod\u0119 w my\u015bl obecnych przepis\u00f3w, osoba, kt\u00f3rej dane dotycz\u0105, nie musi ponownie wyra\u017ca\u0107 zgody, o ile pierwotny spos\u00f3b jej wyra\u017cenia odpowiada warunkom Rozporz\u0105dzenia.<\/p>\t\t\t\t\t\t\t\t<\/div>\n\t\t\t\t<\/div>\n\t\t\t\t<div class=\"elementor-element elementor-element-9498a3e elementor-alert-info exad-sticky-section-no exad-glass-effect-no elementor-widget elementor-widget-alert\" data-id=\"9498a3e\" data-element_type=\"widget\" data-e-type=\"widget\" data-widget_type=\"alert.default\">\n\t\t\t\t<div class=\"elementor-widget-container\">\n\t\t\t\t\t\t\t<div class=\"elementor-alert\" role=\"alert\">\n\n\t\t\t\n\t\t\t\t\t\t<span class=\"elementor-alert-description\">\u00a9 Miller, Canfield, W. Babicki, A. Che\u0142chowski i Wsp\u00f3lnicy Sp. k.<\/span>\n\t\t\t\n\t\t\t\t\t\t<button type=\"button\" class=\"elementor-alert-dismiss\" aria-label=\"Dismiss this alert.\">\n\t\t\t\t\t\t\t\t\t<span aria-hidden=\"true\">&times;<\/span>\n\t\t\t\t\t\t\t<\/button>\n\t\t\t\n\t\t<\/div>\n\t\t\t\t\t\t<\/div>\n\t\t\t\t<\/div>\n\t\t\t\t\t<\/div>\n\t\t\t\t<\/div>\n\t\t\t\t<\/div>\n\t\t","protected":false},"excerpt":{"rendered":"<p>Zar\u00f3wno w obecnym stanie prawnym, jak i na gruncie Rozporz\u0105dzenia, zgoda na przetwarzanie danych osobowych wyra\u017cona przez osob\u0119, kt\u00f3rej dane dotycz\u0105, jest jedn\u0105 z przes\u0142anek legalizuj\u0105cych przetwarzanie danych osobowych.Jednak Rozporz\u0105dzenie wprowadza istotne zmiany w zakresie pozyskiwania zgody na przetwarzanie danych osobowych. Wspomniane zmiany wymusz\u0105 wprowadzenie modyfikacji do procesu pozyskiwania zgody po 25 maja 2018 r., [&hellip;]<\/p>\n","protected":false},"author":2,"featured_media":885,"comment_status":"closed","ping_status":"open","sticky":false,"template":"","format":"standard","meta":{"_acf_changed":false,"footnotes":""},"categories":[13,1],"tags":[],"class_list":["post-4645","post","type-post","status-publish","format-standard","has-post-thumbnail","hentry","category-polish-law-review-en","category-publications"],"acf":[],"yoast_head":"<!-- This site is optimized with the Yoast SEO plugin v27.4 - https:\/\/yoast.com\/product\/yoast-seo-wordpress\/ -->\n<title>CONSENT TO PROCESSING OF PERSONAL DATA UNDER GDPR<\/title>\n<meta name=\"description\" content=\"Legal requirements for obtaining consent to process personal data under GDPR.\" \/>\n<meta name=\"robots\" content=\"index, follow, max-snippet:-1, max-image-preview:large, max-video-preview:-1\" \/>\n<link rel=\"canonical\" href=\"https:\/\/millercanfield.pl\/en\/consent-to-processing-of-personal-data-under-gdpr\/\" \/>\n<meta property=\"og:locale\" content=\"en_US\" \/>\n<meta property=\"og:type\" content=\"article\" \/>\n<meta property=\"og:title\" content=\"CONSENT TO PROCESSING OF PERSONAL DATA UNDER GDPR\" \/>\n<meta property=\"og:description\" content=\"Legal requirements for obtaining consent to process personal data under GDPR.\" \/>\n<meta property=\"og:url\" content=\"https:\/\/millercanfield.pl\/en\/consent-to-processing-of-personal-data-under-gdpr\/\" \/>\n<meta property=\"og:site_name\" content=\"MillerCanfield\" \/>\n<meta property=\"article:published_time\" content=\"2017-05-17T13:48:14+00:00\" \/>\n<meta property=\"article:modified_time\" content=\"2025-04-14T18:04:11+00:00\" \/>\n<meta property=\"og:image\" content=\"https:\/\/millercanfield.pl\/wp-content\/uploads\/2024\/05\/iStock-1300378339-scaled.jpg\" \/>\n\t<meta property=\"og:image:width\" content=\"2560\" \/>\n\t<meta property=\"og:image:height\" content=\"1707\" \/>\n\t<meta property=\"og:image:type\" content=\"image\/jpeg\" \/>\n<meta name=\"author\" content=\"MillerCanfield\" \/>\n<meta name=\"twitter:card\" content=\"summary_large_image\" \/>\n<meta name=\"twitter:label1\" content=\"Written by\" \/>\n\t<meta name=\"twitter:data1\" content=\"MillerCanfield\" \/>\n\t<meta name=\"twitter:label2\" content=\"Est. reading time\" \/>\n\t<meta name=\"twitter:data2\" content=\"4 minutes\" \/>\n<script type=\"application\/ld+json\" class=\"yoast-schema-graph\">{\"@context\":\"https:\\\/\\\/schema.org\",\"@graph\":[{\"@type\":\"Article\",\"@id\":\"https:\\\/\\\/millercanfield.pl\\\/en\\\/consent-to-processing-of-personal-data-under-gdpr\\\/#article\",\"isPartOf\":{\"@id\":\"https:\\\/\\\/millercanfield.pl\\\/en\\\/consent-to-processing-of-personal-data-under-gdpr\\\/\"},\"author\":{\"name\":\"MillerCanfield\",\"@id\":\"https:\\\/\\\/millercanfield.pl\\\/en\\\/#\\\/schema\\\/person\\\/06e8d38944bdda88e80fa2b7d1e71e4f\"},\"headline\":\"CONSENT TO PROCESSING OF PERSONAL DATA UNDER GDPR\",\"datePublished\":\"2017-05-17T13:48:14+00:00\",\"dateModified\":\"2025-04-14T18:04:11+00:00\",\"mainEntityOfPage\":{\"@id\":\"https:\\\/\\\/millercanfield.pl\\\/en\\\/consent-to-processing-of-personal-data-under-gdpr\\\/\"},\"wordCount\":685,\"publisher\":{\"@id\":\"https:\\\/\\\/millercanfield.pl\\\/en\\\/#organization\"},\"image\":{\"@id\":\"https:\\\/\\\/millercanfield.pl\\\/en\\\/consent-to-processing-of-personal-data-under-gdpr\\\/#primaryimage\"},\"thumbnailUrl\":\"https:\\\/\\\/millercanfield.pl\\\/wp-content\\\/uploads\\\/2024\\\/05\\\/iStock-1300378339-scaled.jpg\",\"articleSection\":[\"Polish Law Review\",\"Publications\"],\"inLanguage\":\"en-US\"},{\"@type\":\"WebPage\",\"@id\":\"https:\\\/\\\/millercanfield.pl\\\/en\\\/consent-to-processing-of-personal-data-under-gdpr\\\/\",\"url\":\"https:\\\/\\\/millercanfield.pl\\\/en\\\/consent-to-processing-of-personal-data-under-gdpr\\\/\",\"name\":\"CONSENT TO PROCESSING OF PERSONAL DATA UNDER GDPR\",\"isPartOf\":{\"@id\":\"https:\\\/\\\/millercanfield.pl\\\/en\\\/#website\"},\"primaryImageOfPage\":{\"@id\":\"https:\\\/\\\/millercanfield.pl\\\/en\\\/consent-to-processing-of-personal-data-under-gdpr\\\/#primaryimage\"},\"image\":{\"@id\":\"https:\\\/\\\/millercanfield.pl\\\/en\\\/consent-to-processing-of-personal-data-under-gdpr\\\/#primaryimage\"},\"thumbnailUrl\":\"https:\\\/\\\/millercanfield.pl\\\/wp-content\\\/uploads\\\/2024\\\/05\\\/iStock-1300378339-scaled.jpg\",\"datePublished\":\"2017-05-17T13:48:14+00:00\",\"dateModified\":\"2025-04-14T18:04:11+00:00\",\"description\":\"Legal requirements for obtaining consent to process personal data under GDPR.\",\"breadcrumb\":{\"@id\":\"https:\\\/\\\/millercanfield.pl\\\/en\\\/consent-to-processing-of-personal-data-under-gdpr\\\/#breadcrumb\"},\"inLanguage\":\"en-US\",\"potentialAction\":[{\"@type\":\"ReadAction\",\"target\":[\"https:\\\/\\\/millercanfield.pl\\\/en\\\/consent-to-processing-of-personal-data-under-gdpr\\\/\"]}]},{\"@type\":\"ImageObject\",\"inLanguage\":\"en-US\",\"@id\":\"https:\\\/\\\/millercanfield.pl\\\/en\\\/consent-to-processing-of-personal-data-under-gdpr\\\/#primaryimage\",\"url\":\"https:\\\/\\\/millercanfield.pl\\\/wp-content\\\/uploads\\\/2024\\\/05\\\/iStock-1300378339-scaled.jpg\",\"contentUrl\":\"https:\\\/\\\/millercanfield.pl\\\/wp-content\\\/uploads\\\/2024\\\/05\\\/iStock-1300378339-scaled.jpg\",\"width\":2560,\"height\":1707,\"caption\":\"Businessman holding digital e-book\"},{\"@type\":\"BreadcrumbList\",\"@id\":\"https:\\\/\\\/millercanfield.pl\\\/en\\\/consent-to-processing-of-personal-data-under-gdpr\\\/#breadcrumb\",\"itemListElement\":[{\"@type\":\"ListItem\",\"position\":1,\"name\":\"Strona g\u0142\u00f3wna\",\"item\":\"https:\\\/\\\/millercanfield.pl\\\/en\\\/\"},{\"@type\":\"ListItem\",\"position\":2,\"name\":\"CONSENT TO PROCESSING OF PERSONAL DATA UNDER GDPR\"}]},{\"@type\":\"WebSite\",\"@id\":\"https:\\\/\\\/millercanfield.pl\\\/en\\\/#website\",\"url\":\"https:\\\/\\\/millercanfield.pl\\\/en\\\/\",\"name\":\"MillerCanfield\",\"description\":\"\",\"publisher\":{\"@id\":\"https:\\\/\\\/millercanfield.pl\\\/en\\\/#organization\"},\"potentialAction\":[{\"@type\":\"SearchAction\",\"target\":{\"@type\":\"EntryPoint\",\"urlTemplate\":\"https:\\\/\\\/millercanfield.pl\\\/en\\\/?s={search_term_string}\"},\"query-input\":{\"@type\":\"PropertyValueSpecification\",\"valueRequired\":true,\"valueName\":\"search_term_string\"}}],\"inLanguage\":\"en-US\"},{\"@type\":\"Organization\",\"@id\":\"https:\\\/\\\/millercanfield.pl\\\/en\\\/#organization\",\"name\":\"Miller Canfield\",\"url\":\"https:\\\/\\\/millercanfield.pl\\\/en\\\/\",\"logo\":{\"@type\":\"ImageObject\",\"inLanguage\":\"en-US\",\"@id\":\"https:\\\/\\\/millercanfield.pl\\\/en\\\/#\\\/schema\\\/logo\\\/image\\\/\",\"url\":\"https:\\\/\\\/millercanfield.pl\\\/wp-content\\\/uploads\\\/2024\\\/04\\\/mclogo.png\",\"contentUrl\":\"https:\\\/\\\/millercanfield.pl\\\/wp-content\\\/uploads\\\/2024\\\/04\\\/mclogo.png\",\"width\":684,\"height\":250,\"caption\":\"Miller Canfield\"},\"image\":{\"@id\":\"https:\\\/\\\/millercanfield.pl\\\/en\\\/#\\\/schema\\\/logo\\\/image\\\/\"},\"sameAs\":[\"https:\\\/\\\/www.linkedin.com\\\/company\\\/miller-canfield-poland-real-estate\\\/\"]},{\"@type\":\"Person\",\"@id\":\"https:\\\/\\\/millercanfield.pl\\\/en\\\/#\\\/schema\\\/person\\\/06e8d38944bdda88e80fa2b7d1e71e4f\",\"name\":\"MillerCanfield\",\"image\":{\"@type\":\"ImageObject\",\"inLanguage\":\"en-US\",\"@id\":\"https:\\\/\\\/secure.gravatar.com\\\/avatar\\\/461c3262b2ec04cbeab90180519ea242e7112ded61caaf45dbdca3df73a5fbf1?s=96&d=mm&r=g\",\"url\":\"https:\\\/\\\/secure.gravatar.com\\\/avatar\\\/461c3262b2ec04cbeab90180519ea242e7112ded61caaf45dbdca3df73a5fbf1?s=96&d=mm&r=g\",\"contentUrl\":\"https:\\\/\\\/secure.gravatar.com\\\/avatar\\\/461c3262b2ec04cbeab90180519ea242e7112ded61caaf45dbdca3df73a5fbf1?s=96&d=mm&r=g\",\"caption\":\"MillerCanfield\"},\"url\":\"https:\\\/\\\/millercanfield.pl\\\/en\\\/author\\\/kasiaaleszczyk\\\/\"}]}<\/script>\n<!-- \/ Yoast SEO plugin. -->","yoast_head_json":{"title":"CONSENT TO PROCESSING OF PERSONAL DATA UNDER GDPR","description":"Legal requirements for obtaining consent to process personal data under GDPR.","robots":{"index":"index","follow":"follow","max-snippet":"max-snippet:-1","max-image-preview":"max-image-preview:large","max-video-preview":"max-video-preview:-1"},"canonical":"https:\/\/millercanfield.pl\/en\/consent-to-processing-of-personal-data-under-gdpr\/","og_locale":"en_US","og_type":"article","og_title":"CONSENT TO PROCESSING OF PERSONAL DATA UNDER GDPR","og_description":"Legal requirements for obtaining consent to process personal data under GDPR.","og_url":"https:\/\/millercanfield.pl\/en\/consent-to-processing-of-personal-data-under-gdpr\/","og_site_name":"MillerCanfield","article_published_time":"2017-05-17T13:48:14+00:00","article_modified_time":"2025-04-14T18:04:11+00:00","og_image":[{"width":2560,"height":1707,"url":"https:\/\/millercanfield.pl\/wp-content\/uploads\/2024\/05\/iStock-1300378339-scaled.jpg","type":"image\/jpeg"}],"author":"MillerCanfield","twitter_card":"summary_large_image","twitter_misc":{"Written by":"MillerCanfield","Est. reading time":"4 minutes"},"schema":{"@context":"https:\/\/schema.org","@graph":[{"@type":"Article","@id":"https:\/\/millercanfield.pl\/en\/consent-to-processing-of-personal-data-under-gdpr\/#article","isPartOf":{"@id":"https:\/\/millercanfield.pl\/en\/consent-to-processing-of-personal-data-under-gdpr\/"},"author":{"name":"MillerCanfield","@id":"https:\/\/millercanfield.pl\/en\/#\/schema\/person\/06e8d38944bdda88e80fa2b7d1e71e4f"},"headline":"CONSENT TO PROCESSING OF PERSONAL DATA UNDER GDPR","datePublished":"2017-05-17T13:48:14+00:00","dateModified":"2025-04-14T18:04:11+00:00","mainEntityOfPage":{"@id":"https:\/\/millercanfield.pl\/en\/consent-to-processing-of-personal-data-under-gdpr\/"},"wordCount":685,"publisher":{"@id":"https:\/\/millercanfield.pl\/en\/#organization"},"image":{"@id":"https:\/\/millercanfield.pl\/en\/consent-to-processing-of-personal-data-under-gdpr\/#primaryimage"},"thumbnailUrl":"https:\/\/millercanfield.pl\/wp-content\/uploads\/2024\/05\/iStock-1300378339-scaled.jpg","articleSection":["Polish Law Review","Publications"],"inLanguage":"en-US"},{"@type":"WebPage","@id":"https:\/\/millercanfield.pl\/en\/consent-to-processing-of-personal-data-under-gdpr\/","url":"https:\/\/millercanfield.pl\/en\/consent-to-processing-of-personal-data-under-gdpr\/","name":"CONSENT TO PROCESSING OF PERSONAL DATA UNDER GDPR","isPartOf":{"@id":"https:\/\/millercanfield.pl\/en\/#website"},"primaryImageOfPage":{"@id":"https:\/\/millercanfield.pl\/en\/consent-to-processing-of-personal-data-under-gdpr\/#primaryimage"},"image":{"@id":"https:\/\/millercanfield.pl\/en\/consent-to-processing-of-personal-data-under-gdpr\/#primaryimage"},"thumbnailUrl":"https:\/\/millercanfield.pl\/wp-content\/uploads\/2024\/05\/iStock-1300378339-scaled.jpg","datePublished":"2017-05-17T13:48:14+00:00","dateModified":"2025-04-14T18:04:11+00:00","description":"Legal requirements for obtaining consent to process personal data under GDPR.","breadcrumb":{"@id":"https:\/\/millercanfield.pl\/en\/consent-to-processing-of-personal-data-under-gdpr\/#breadcrumb"},"inLanguage":"en-US","potentialAction":[{"@type":"ReadAction","target":["https:\/\/millercanfield.pl\/en\/consent-to-processing-of-personal-data-under-gdpr\/"]}]},{"@type":"ImageObject","inLanguage":"en-US","@id":"https:\/\/millercanfield.pl\/en\/consent-to-processing-of-personal-data-under-gdpr\/#primaryimage","url":"https:\/\/millercanfield.pl\/wp-content\/uploads\/2024\/05\/iStock-1300378339-scaled.jpg","contentUrl":"https:\/\/millercanfield.pl\/wp-content\/uploads\/2024\/05\/iStock-1300378339-scaled.jpg","width":2560,"height":1707,"caption":"Businessman holding digital e-book"},{"@type":"BreadcrumbList","@id":"https:\/\/millercanfield.pl\/en\/consent-to-processing-of-personal-data-under-gdpr\/#breadcrumb","itemListElement":[{"@type":"ListItem","position":1,"name":"Strona g\u0142\u00f3wna","item":"https:\/\/millercanfield.pl\/en\/"},{"@type":"ListItem","position":2,"name":"CONSENT TO PROCESSING OF PERSONAL DATA UNDER GDPR"}]},{"@type":"WebSite","@id":"https:\/\/millercanfield.pl\/en\/#website","url":"https:\/\/millercanfield.pl\/en\/","name":"MillerCanfield","description":"","publisher":{"@id":"https:\/\/millercanfield.pl\/en\/#organization"},"potentialAction":[{"@type":"SearchAction","target":{"@type":"EntryPoint","urlTemplate":"https:\/\/millercanfield.pl\/en\/?s={search_term_string}"},"query-input":{"@type":"PropertyValueSpecification","valueRequired":true,"valueName":"search_term_string"}}],"inLanguage":"en-US"},{"@type":"Organization","@id":"https:\/\/millercanfield.pl\/en\/#organization","name":"Miller Canfield","url":"https:\/\/millercanfield.pl\/en\/","logo":{"@type":"ImageObject","inLanguage":"en-US","@id":"https:\/\/millercanfield.pl\/en\/#\/schema\/logo\/image\/","url":"https:\/\/millercanfield.pl\/wp-content\/uploads\/2024\/04\/mclogo.png","contentUrl":"https:\/\/millercanfield.pl\/wp-content\/uploads\/2024\/04\/mclogo.png","width":684,"height":250,"caption":"Miller Canfield"},"image":{"@id":"https:\/\/millercanfield.pl\/en\/#\/schema\/logo\/image\/"},"sameAs":["https:\/\/www.linkedin.com\/company\/miller-canfield-poland-real-estate\/"]},{"@type":"Person","@id":"https:\/\/millercanfield.pl\/en\/#\/schema\/person\/06e8d38944bdda88e80fa2b7d1e71e4f","name":"MillerCanfield","image":{"@type":"ImageObject","inLanguage":"en-US","@id":"https:\/\/secure.gravatar.com\/avatar\/461c3262b2ec04cbeab90180519ea242e7112ded61caaf45dbdca3df73a5fbf1?s=96&d=mm&r=g","url":"https:\/\/secure.gravatar.com\/avatar\/461c3262b2ec04cbeab90180519ea242e7112ded61caaf45dbdca3df73a5fbf1?s=96&d=mm&r=g","contentUrl":"https:\/\/secure.gravatar.com\/avatar\/461c3262b2ec04cbeab90180519ea242e7112ded61caaf45dbdca3df73a5fbf1?s=96&d=mm&r=g","caption":"MillerCanfield"},"url":"https:\/\/millercanfield.pl\/en\/author\/kasiaaleszczyk\/"}]}},"_links":{"self":[{"href":"https:\/\/millercanfield.pl\/en\/wp-json\/wp\/v2\/posts\/4645","targetHints":{"allow":["GET"]}}],"collection":[{"href":"https:\/\/millercanfield.pl\/en\/wp-json\/wp\/v2\/posts"}],"about":[{"href":"https:\/\/millercanfield.pl\/en\/wp-json\/wp\/v2\/types\/post"}],"author":[{"embeddable":true,"href":"https:\/\/millercanfield.pl\/en\/wp-json\/wp\/v2\/users\/2"}],"replies":[{"embeddable":true,"href":"https:\/\/millercanfield.pl\/en\/wp-json\/wp\/v2\/comments?post=4645"}],"version-history":[{"count":0,"href":"https:\/\/millercanfield.pl\/en\/wp-json\/wp\/v2\/posts\/4645\/revisions"}],"wp:featuredmedia":[{"embeddable":true,"href":"https:\/\/millercanfield.pl\/en\/wp-json\/wp\/v2\/media\/885"}],"wp:attachment":[{"href":"https:\/\/millercanfield.pl\/en\/wp-json\/wp\/v2\/media?parent=4645"}],"wp:term":[{"taxonomy":"category","embeddable":true,"href":"https:\/\/millercanfield.pl\/en\/wp-json\/wp\/v2\/categories?post=4645"},{"taxonomy":"post_tag","embeddable":true,"href":"https:\/\/millercanfield.pl\/en\/wp-json\/wp\/v2\/tags?post=4645"}],"curies":[{"name":"wp","href":"https:\/\/api.w.org\/{rel}","templated":true}]}}