{"id":4641,"date":"2017-05-17T13:45:46","date_gmt":"2017-05-17T13:45:46","guid":{"rendered":"https:\/\/millercanfield.pl\/?p=4641"},"modified":"2025-04-14T18:04:11","modified_gmt":"2025-04-14T18:04:11","slug":"concept-of-personal-data-under-gdpr","status":"publish","type":"post","link":"https:\/\/millercanfield.pl\/en\/concept-of-personal-data-under-gdpr\/","title":{"rendered":"CONCEPT OF PERSONAL DATA UNDER GDPR"},"content":{"rendered":"\t\t<div data-elementor-type=\"wp-post\" data-elementor-id=\"4641\" class=\"elementor elementor-4641 elementor-4664\" data-elementor-post-type=\"post\">\n\t\t\t\t<div class=\"elementor-element elementor-element-605bf5d2 e-flex e-con-boxed e-con e-parent\" data-id=\"605bf5d2\" data-element_type=\"container\" data-e-type=\"container\">\n\t\t\t\t\t<div class=\"e-con-inner\">\n\t\t\t\t<div class=\"elementor-element elementor-element-32ea899a exad-sticky-section-no exad-glass-effect-no elementor-widget elementor-widget-text-editor\" data-id=\"32ea899a\" data-element_type=\"widget\" data-e-type=\"widget\" data-widget_type=\"text-editor.default\">\n\t\t\t\t<div class=\"elementor-widget-container\">\n\t\t\t\t\t\t\t\t\t<p>Nowe przepisy Rozporz\u0105dzenia zast\u0105pi\u0105 zar\u00f3wno dyrektyw\u0119 reguluj\u0105c\u0105 materi\u0119 ochrony os\u00f3b fizycznych w zwi\u0105zku z przetwarzaniem danych osobowych oraz swobodny przep\u0142yw takich danych, jak i b\u0119d\u0105c\u0105 obecnie w mocy polsk\u0105 ustaw\u0119 o ochronie danych osobowych. Wej\u015bcie w \u017cycie Rozporz\u0105dzenia oznacza szereg zmian, kt\u00f3re dotkn\u0105 przede wszystkim przedsi\u0119biorc\u00f3w przetwarzaj\u0105cych dane osobowe os\u00f3b fizycznych, oferuj\u0105c towary lub us\u0142ugi na terenie Unii Europejskiej.<\/p><p>Jedn\u0105 z najwa\u017cniejszych nowo\u015bci przewianych w Rozporz\u0105dzeniu jest rozszerzenie definicji \u201edanych osobowych\u201d. Celem tego rozszerzenia by\u0142o dostosowanie poj\u0119cia \u201edanych osobowych\u201d do praktyki obrotu gospodarczego, a w szczeg\u00f3lno\u015bci do przetwarzania danych w sieci. Poj\u0119cie danych osobowych zosta\u0142o w Rozporz\u0105dzeniu zdefiniowane przez niewyczerpuj\u0105ce wyliczenie typ\u00f3w informacji o zidentyfikowanej lub mo\u017cliwej do zidentyfikowania osobie fizycznej.<\/p><p>Zgodnie z art. 4 pkt 1 Rozporz\u0105dzenia, \u201edane osobowe\u201d oznaczaj\u0105 informacje o zidentyfikowanej lub mo\u017cliwej do zidentyfikowania osobie fizycznej (\u201eosobie, kt\u00f3rej dane dotycz\u0105\u201d). Rozporz\u0105dzenie wskazuje, \u017ce mo\u017cliwa do zidentyfikowania osoba fizyczna to osoba, kt\u00f3r\u0105 mo\u017cna bezpo\u015brednio lub po\u015brednio zidentyfikowa\u0107, w szczeg\u00f3lno\u015bci na podstawie identyfikatora takiego jak imi\u0119 i nazwisko, numer identyfikacyjny, dane o lokalizacji, identyfikator internetowy lub jeden b\u0105d\u017a kilka szczeg\u00f3lnych czynnik\u00f3w okre\u015blaj\u0105cych fizyczn\u0105, fizjologiczn\u0105, genetyczn\u0105, psychiczn\u0105, ekonomiczn\u0105, kulturow\u0105 lub spo\u0142eczn\u0105 to\u017csamo\u015b\u0107 osoby fizycznej. Przywo\u0142ane w przepisie kategorie danych to jedynie przyk\u0142adowe wyliczenie, na co wskazuje zwrot \u201ew szczeg\u00f3lno\u015bci\u201d.<br \/>Samo Rozporz\u0105dzenie wskazuje, \u017ce typem danych osobowych mo\u017ce by\u0107, np. identyfikator internetowy, czyli adres IP, identyfikator plik\u00f3w cookie lub inny identyfikator, generowany na przyk\u0142ad przez etykiety RFID albowiem taki identyfikator po\u0142\u0105czony z innym unikatowym identyfikatorem mo\u017ce by\u0107 wykorzystany do stworzenia profilu lub zidentyfikowania danej osoby.<\/p><p>Rozporz\u0105dzenie wyr\u00f3\u017cnia niekt\u00f3re typy danych osobowych jako \u201cszczeg\u00f3lne kategorie danych osobowych\u201d, kt\u00f3rych przetwarzanie, co do zasady, jest zabronione. Zgodnie z art. 9 ust. 1 Rozporz\u0105dzenia w sk\u0142ad szczeg\u00f3lnych kategorii danych osobowych wchodz\u0105: dane ujawniaj\u0105ce pochodzenie rasowe lub etniczne, pogl\u0105dy polityczne, przekonania religijne lub \u015bwiatopogl\u0105dowe, przynale\u017cno\u015b\u0107 do zwi\u0105zk\u00f3w zawodowych, a tak\u017ce dane dotycz\u0105ce seksualno\u015bci lub orientacji seksualnej danej osoby, dane genetyczne, dane biometryczne lub dane dotycz\u0105ce zdrowia. Przepisy Rozporz\u0105dzenia, precyzuj\u0105c te trzy ostatnie kategorie, wskazuj\u0105 np., \u017ce dane genetyczne dotycz\u0105 odziedziczonych lub nabytych cech genetycznych osoby fizycznej, kt\u00f3re ujawniaj\u0105 niepowtarzalne informacje o fizjologii lub zdrowiu tej osoby. Dane biometryczne to dane dotycz\u0105ce cech fizycznych, fizjologicznych lub behawioralnych osoby fizycznej, kt\u00f3re umo\u017cliwiaj\u0105 lub potwierdzaj\u0105 jednoznaczn\u0105 identyfikacj\u0119 tej osoby, takie jak wizerunek twarzy lub dane daktyloskopijne. Natomiast do danych dotycz\u0105cych zdrowia nale\u017cy zaliczy\u0107 wszelkie dane o stanie zdrowia osoby, kt\u00f3rej dane dotycz\u0105, ujawniaj\u0105ce informacje o przesz\u0142ym, obecnym lub przysz\u0142ym stanie fizycznego lub psychicznego zdrowia osoby, kt\u00f3rej dane dotycz\u0105, wyniki bada\u0144, numery identyfikacyjne, historie chor\u00f3b, informacje o niepe\u0142nosprawno\u015bci czy te\u017c informacje o leczeniu jakichkolwiek chor\u00f3b.<\/p><p>Nale\u017cy uzna\u0107, \u017ce Rozporz\u0105dzenie rozszerzy\u0142o znaczenie poj\u0119cia \u201edanych osobowych\u201d poprzez dostosowanie go do wymog\u00f3w obrotu e-commerce oraz powi\u0105zanych z tym metod identyfikacji jego uczestnik\u00f3w, takich jak: numer IP, dane o geolokalizacji lub dane biometryczne.<\/p>\t\t\t\t\t\t\t\t<\/div>\n\t\t\t\t<\/div>\n\t\t\t\t<div class=\"elementor-element elementor-element-a523236 elementor-alert-info exad-sticky-section-no exad-glass-effect-no elementor-widget elementor-widget-alert\" data-id=\"a523236\" data-element_type=\"widget\" data-e-type=\"widget\" data-widget_type=\"alert.default\">\n\t\t\t\t<div class=\"elementor-widget-container\">\n\t\t\t\t\t\t\t<div class=\"elementor-alert\" role=\"alert\">\n\n\t\t\t\n\t\t\t\t\t\t<span class=\"elementor-alert-description\">\u00a9 Miller, Canfield, W. Babicki, A. Che\u0142chowski i Wsp\u00f3lnicy Sp. k.<\/span>\n\t\t\t\n\t\t\t\t\t\t<button type=\"button\" class=\"elementor-alert-dismiss\" aria-label=\"Dismiss this alert.\">\n\t\t\t\t\t\t\t\t\t<span aria-hidden=\"true\">&times;<\/span>\n\t\t\t\t\t\t\t<\/button>\n\t\t\t\n\t\t<\/div>\n\t\t\t\t\t\t<\/div>\n\t\t\t\t<\/div>\n\t\t\t\t\t<\/div>\n\t\t\t\t<\/div>\n\t\t\t\t<\/div>\n\t\t","protected":false},"excerpt":{"rendered":"<p>Nowe przepisy Rozporz\u0105dzenia zast\u0105pi\u0105 zar\u00f3wno dyrektyw\u0119 reguluj\u0105c\u0105 materi\u0119 ochrony os\u00f3b fizycznych w zwi\u0105zku z przetwarzaniem danych osobowych oraz swobodny przep\u0142yw takich danych, jak i b\u0119d\u0105c\u0105 obecnie w mocy polsk\u0105 ustaw\u0119 o ochronie danych osobowych. Wej\u015bcie w \u017cycie Rozporz\u0105dzenia oznacza szereg zmian, kt\u00f3re dotkn\u0105 przede wszystkim przedsi\u0119biorc\u00f3w przetwarzaj\u0105cych dane osobowe os\u00f3b fizycznych, oferuj\u0105c towary lub us\u0142ugi [&hellip;]<\/p>\n","protected":false},"author":2,"featured_media":893,"comment_status":"closed","ping_status":"open","sticky":false,"template":"","format":"standard","meta":{"_acf_changed":false,"footnotes":""},"categories":[13,1],"tags":[],"class_list":["post-4641","post","type-post","status-publish","format-standard","has-post-thumbnail","hentry","category-polish-law-review-en","category-publications"],"acf":[],"yoast_head":"<!-- This site is optimized with the Yoast SEO plugin v27.4 - https:\/\/yoast.com\/product\/yoast-seo-wordpress\/ -->\n<title>CONCEPT OF PERSONAL DATA UNDER GDPR<\/title>\n<meta name=\"description\" content=\"Explanation of personal data under GDPR and its importance for businesses.\" \/>\n<meta name=\"robots\" content=\"index, follow, max-snippet:-1, max-image-preview:large, max-video-preview:-1\" \/>\n<link rel=\"canonical\" href=\"https:\/\/millercanfield.pl\/en\/concept-of-personal-data-under-gdpr\/\" \/>\n<meta property=\"og:locale\" content=\"en_US\" \/>\n<meta property=\"og:type\" content=\"article\" \/>\n<meta property=\"og:title\" content=\"CONCEPT OF PERSONAL DATA UNDER GDPR\" \/>\n<meta property=\"og:description\" content=\"Explanation of personal data under GDPR and its importance for businesses.\" \/>\n<meta property=\"og:url\" content=\"https:\/\/millercanfield.pl\/en\/concept-of-personal-data-under-gdpr\/\" \/>\n<meta property=\"og:site_name\" content=\"MillerCanfield\" \/>\n<meta property=\"article:published_time\" content=\"2017-05-17T13:45:46+00:00\" \/>\n<meta property=\"article:modified_time\" content=\"2025-04-14T18:04:11+00:00\" \/>\n<meta property=\"og:image\" content=\"https:\/\/millercanfield.pl\/wp-content\/uploads\/2024\/05\/iStock-1472089306-scaled.jpg\" \/>\n\t<meta property=\"og:image:width\" content=\"2560\" \/>\n\t<meta property=\"og:image:height\" content=\"1708\" \/>\n\t<meta property=\"og:image:type\" content=\"image\/jpeg\" \/>\n<meta name=\"author\" content=\"MillerCanfield\" \/>\n<meta name=\"twitter:card\" content=\"summary_large_image\" \/>\n<meta name=\"twitter:label1\" content=\"Written by\" \/>\n\t<meta name=\"twitter:data1\" content=\"MillerCanfield\" \/>\n\t<meta name=\"twitter:label2\" content=\"Est. reading time\" \/>\n\t<meta name=\"twitter:data2\" content=\"3 minutes\" \/>\n<script type=\"application\/ld+json\" class=\"yoast-schema-graph\">{\"@context\":\"https:\\\/\\\/schema.org\",\"@graph\":[{\"@type\":\"Article\",\"@id\":\"https:\\\/\\\/millercanfield.pl\\\/en\\\/concept-of-personal-data-under-gdpr\\\/#article\",\"isPartOf\":{\"@id\":\"https:\\\/\\\/millercanfield.pl\\\/en\\\/concept-of-personal-data-under-gdpr\\\/\"},\"author\":{\"name\":\"MillerCanfield\",\"@id\":\"https:\\\/\\\/millercanfield.pl\\\/en\\\/#\\\/schema\\\/person\\\/06e8d38944bdda88e80fa2b7d1e71e4f\"},\"headline\":\"CONCEPT OF PERSONAL DATA UNDER GDPR\",\"datePublished\":\"2017-05-17T13:45:46+00:00\",\"dateModified\":\"2025-04-14T18:04:11+00:00\",\"mainEntityOfPage\":{\"@id\":\"https:\\\/\\\/millercanfield.pl\\\/en\\\/concept-of-personal-data-under-gdpr\\\/\"},\"wordCount\":566,\"publisher\":{\"@id\":\"https:\\\/\\\/millercanfield.pl\\\/en\\\/#organization\"},\"image\":{\"@id\":\"https:\\\/\\\/millercanfield.pl\\\/en\\\/concept-of-personal-data-under-gdpr\\\/#primaryimage\"},\"thumbnailUrl\":\"https:\\\/\\\/millercanfield.pl\\\/wp-content\\\/uploads\\\/2024\\\/05\\\/iStock-1472089306-scaled.jpg\",\"articleSection\":[\"Polish Law Review\",\"Publications\"],\"inLanguage\":\"en-US\"},{\"@type\":\"WebPage\",\"@id\":\"https:\\\/\\\/millercanfield.pl\\\/en\\\/concept-of-personal-data-under-gdpr\\\/\",\"url\":\"https:\\\/\\\/millercanfield.pl\\\/en\\\/concept-of-personal-data-under-gdpr\\\/\",\"name\":\"CONCEPT OF PERSONAL DATA UNDER GDPR\",\"isPartOf\":{\"@id\":\"https:\\\/\\\/millercanfield.pl\\\/en\\\/#website\"},\"primaryImageOfPage\":{\"@id\":\"https:\\\/\\\/millercanfield.pl\\\/en\\\/concept-of-personal-data-under-gdpr\\\/#primaryimage\"},\"image\":{\"@id\":\"https:\\\/\\\/millercanfield.pl\\\/en\\\/concept-of-personal-data-under-gdpr\\\/#primaryimage\"},\"thumbnailUrl\":\"https:\\\/\\\/millercanfield.pl\\\/wp-content\\\/uploads\\\/2024\\\/05\\\/iStock-1472089306-scaled.jpg\",\"datePublished\":\"2017-05-17T13:45:46+00:00\",\"dateModified\":\"2025-04-14T18:04:11+00:00\",\"description\":\"Explanation of personal data under GDPR and its importance for businesses.\",\"breadcrumb\":{\"@id\":\"https:\\\/\\\/millercanfield.pl\\\/en\\\/concept-of-personal-data-under-gdpr\\\/#breadcrumb\"},\"inLanguage\":\"en-US\",\"potentialAction\":[{\"@type\":\"ReadAction\",\"target\":[\"https:\\\/\\\/millercanfield.pl\\\/en\\\/concept-of-personal-data-under-gdpr\\\/\"]}]},{\"@type\":\"ImageObject\",\"inLanguage\":\"en-US\",\"@id\":\"https:\\\/\\\/millercanfield.pl\\\/en\\\/concept-of-personal-data-under-gdpr\\\/#primaryimage\",\"url\":\"https:\\\/\\\/millercanfield.pl\\\/wp-content\\\/uploads\\\/2024\\\/05\\\/iStock-1472089306-scaled.jpg\",\"contentUrl\":\"https:\\\/\\\/millercanfield.pl\\\/wp-content\\\/uploads\\\/2024\\\/05\\\/iStock-1472089306-scaled.jpg\",\"width\":2560,\"height\":1708,\"caption\":\"Magnifying glass in front of a stack of documents\"},{\"@type\":\"BreadcrumbList\",\"@id\":\"https:\\\/\\\/millercanfield.pl\\\/en\\\/concept-of-personal-data-under-gdpr\\\/#breadcrumb\",\"itemListElement\":[{\"@type\":\"ListItem\",\"position\":1,\"name\":\"Strona g\u0142\u00f3wna\",\"item\":\"https:\\\/\\\/millercanfield.pl\\\/en\\\/\"},{\"@type\":\"ListItem\",\"position\":2,\"name\":\"CONCEPT OF PERSONAL DATA UNDER GDPR\"}]},{\"@type\":\"WebSite\",\"@id\":\"https:\\\/\\\/millercanfield.pl\\\/en\\\/#website\",\"url\":\"https:\\\/\\\/millercanfield.pl\\\/en\\\/\",\"name\":\"MillerCanfield\",\"description\":\"\",\"publisher\":{\"@id\":\"https:\\\/\\\/millercanfield.pl\\\/en\\\/#organization\"},\"potentialAction\":[{\"@type\":\"SearchAction\",\"target\":{\"@type\":\"EntryPoint\",\"urlTemplate\":\"https:\\\/\\\/millercanfield.pl\\\/en\\\/?s={search_term_string}\"},\"query-input\":{\"@type\":\"PropertyValueSpecification\",\"valueRequired\":true,\"valueName\":\"search_term_string\"}}],\"inLanguage\":\"en-US\"},{\"@type\":\"Organization\",\"@id\":\"https:\\\/\\\/millercanfield.pl\\\/en\\\/#organization\",\"name\":\"Miller Canfield\",\"url\":\"https:\\\/\\\/millercanfield.pl\\\/en\\\/\",\"logo\":{\"@type\":\"ImageObject\",\"inLanguage\":\"en-US\",\"@id\":\"https:\\\/\\\/millercanfield.pl\\\/en\\\/#\\\/schema\\\/logo\\\/image\\\/\",\"url\":\"https:\\\/\\\/millercanfield.pl\\\/wp-content\\\/uploads\\\/2024\\\/04\\\/mclogo.png\",\"contentUrl\":\"https:\\\/\\\/millercanfield.pl\\\/wp-content\\\/uploads\\\/2024\\\/04\\\/mclogo.png\",\"width\":684,\"height\":250,\"caption\":\"Miller Canfield\"},\"image\":{\"@id\":\"https:\\\/\\\/millercanfield.pl\\\/en\\\/#\\\/schema\\\/logo\\\/image\\\/\"},\"sameAs\":[\"https:\\\/\\\/www.linkedin.com\\\/company\\\/miller-canfield-poland-real-estate\\\/\"]},{\"@type\":\"Person\",\"@id\":\"https:\\\/\\\/millercanfield.pl\\\/en\\\/#\\\/schema\\\/person\\\/06e8d38944bdda88e80fa2b7d1e71e4f\",\"name\":\"MillerCanfield\",\"image\":{\"@type\":\"ImageObject\",\"inLanguage\":\"en-US\",\"@id\":\"https:\\\/\\\/secure.gravatar.com\\\/avatar\\\/461c3262b2ec04cbeab90180519ea242e7112ded61caaf45dbdca3df73a5fbf1?s=96&d=mm&r=g\",\"url\":\"https:\\\/\\\/secure.gravatar.com\\\/avatar\\\/461c3262b2ec04cbeab90180519ea242e7112ded61caaf45dbdca3df73a5fbf1?s=96&d=mm&r=g\",\"contentUrl\":\"https:\\\/\\\/secure.gravatar.com\\\/avatar\\\/461c3262b2ec04cbeab90180519ea242e7112ded61caaf45dbdca3df73a5fbf1?s=96&d=mm&r=g\",\"caption\":\"MillerCanfield\"},\"url\":\"https:\\\/\\\/millercanfield.pl\\\/en\\\/author\\\/kasiaaleszczyk\\\/\"}]}<\/script>\n<!-- \/ Yoast SEO plugin. -->","yoast_head_json":{"title":"CONCEPT OF PERSONAL DATA UNDER GDPR","description":"Explanation of personal data under GDPR and its importance for businesses.","robots":{"index":"index","follow":"follow","max-snippet":"max-snippet:-1","max-image-preview":"max-image-preview:large","max-video-preview":"max-video-preview:-1"},"canonical":"https:\/\/millercanfield.pl\/en\/concept-of-personal-data-under-gdpr\/","og_locale":"en_US","og_type":"article","og_title":"CONCEPT OF PERSONAL DATA UNDER GDPR","og_description":"Explanation of personal data under GDPR and its importance for businesses.","og_url":"https:\/\/millercanfield.pl\/en\/concept-of-personal-data-under-gdpr\/","og_site_name":"MillerCanfield","article_published_time":"2017-05-17T13:45:46+00:00","article_modified_time":"2025-04-14T18:04:11+00:00","og_image":[{"width":2560,"height":1708,"url":"https:\/\/millercanfield.pl\/wp-content\/uploads\/2024\/05\/iStock-1472089306-scaled.jpg","type":"image\/jpeg"}],"author":"MillerCanfield","twitter_card":"summary_large_image","twitter_misc":{"Written by":"MillerCanfield","Est. reading time":"3 minutes"},"schema":{"@context":"https:\/\/schema.org","@graph":[{"@type":"Article","@id":"https:\/\/millercanfield.pl\/en\/concept-of-personal-data-under-gdpr\/#article","isPartOf":{"@id":"https:\/\/millercanfield.pl\/en\/concept-of-personal-data-under-gdpr\/"},"author":{"name":"MillerCanfield","@id":"https:\/\/millercanfield.pl\/en\/#\/schema\/person\/06e8d38944bdda88e80fa2b7d1e71e4f"},"headline":"CONCEPT OF PERSONAL DATA UNDER GDPR","datePublished":"2017-05-17T13:45:46+00:00","dateModified":"2025-04-14T18:04:11+00:00","mainEntityOfPage":{"@id":"https:\/\/millercanfield.pl\/en\/concept-of-personal-data-under-gdpr\/"},"wordCount":566,"publisher":{"@id":"https:\/\/millercanfield.pl\/en\/#organization"},"image":{"@id":"https:\/\/millercanfield.pl\/en\/concept-of-personal-data-under-gdpr\/#primaryimage"},"thumbnailUrl":"https:\/\/millercanfield.pl\/wp-content\/uploads\/2024\/05\/iStock-1472089306-scaled.jpg","articleSection":["Polish Law Review","Publications"],"inLanguage":"en-US"},{"@type":"WebPage","@id":"https:\/\/millercanfield.pl\/en\/concept-of-personal-data-under-gdpr\/","url":"https:\/\/millercanfield.pl\/en\/concept-of-personal-data-under-gdpr\/","name":"CONCEPT OF PERSONAL DATA UNDER GDPR","isPartOf":{"@id":"https:\/\/millercanfield.pl\/en\/#website"},"primaryImageOfPage":{"@id":"https:\/\/millercanfield.pl\/en\/concept-of-personal-data-under-gdpr\/#primaryimage"},"image":{"@id":"https:\/\/millercanfield.pl\/en\/concept-of-personal-data-under-gdpr\/#primaryimage"},"thumbnailUrl":"https:\/\/millercanfield.pl\/wp-content\/uploads\/2024\/05\/iStock-1472089306-scaled.jpg","datePublished":"2017-05-17T13:45:46+00:00","dateModified":"2025-04-14T18:04:11+00:00","description":"Explanation of personal data under GDPR and its importance for businesses.","breadcrumb":{"@id":"https:\/\/millercanfield.pl\/en\/concept-of-personal-data-under-gdpr\/#breadcrumb"},"inLanguage":"en-US","potentialAction":[{"@type":"ReadAction","target":["https:\/\/millercanfield.pl\/en\/concept-of-personal-data-under-gdpr\/"]}]},{"@type":"ImageObject","inLanguage":"en-US","@id":"https:\/\/millercanfield.pl\/en\/concept-of-personal-data-under-gdpr\/#primaryimage","url":"https:\/\/millercanfield.pl\/wp-content\/uploads\/2024\/05\/iStock-1472089306-scaled.jpg","contentUrl":"https:\/\/millercanfield.pl\/wp-content\/uploads\/2024\/05\/iStock-1472089306-scaled.jpg","width":2560,"height":1708,"caption":"Magnifying glass in front of a stack of documents"},{"@type":"BreadcrumbList","@id":"https:\/\/millercanfield.pl\/en\/concept-of-personal-data-under-gdpr\/#breadcrumb","itemListElement":[{"@type":"ListItem","position":1,"name":"Strona g\u0142\u00f3wna","item":"https:\/\/millercanfield.pl\/en\/"},{"@type":"ListItem","position":2,"name":"CONCEPT OF PERSONAL DATA UNDER GDPR"}]},{"@type":"WebSite","@id":"https:\/\/millercanfield.pl\/en\/#website","url":"https:\/\/millercanfield.pl\/en\/","name":"MillerCanfield","description":"","publisher":{"@id":"https:\/\/millercanfield.pl\/en\/#organization"},"potentialAction":[{"@type":"SearchAction","target":{"@type":"EntryPoint","urlTemplate":"https:\/\/millercanfield.pl\/en\/?s={search_term_string}"},"query-input":{"@type":"PropertyValueSpecification","valueRequired":true,"valueName":"search_term_string"}}],"inLanguage":"en-US"},{"@type":"Organization","@id":"https:\/\/millercanfield.pl\/en\/#organization","name":"Miller Canfield","url":"https:\/\/millercanfield.pl\/en\/","logo":{"@type":"ImageObject","inLanguage":"en-US","@id":"https:\/\/millercanfield.pl\/en\/#\/schema\/logo\/image\/","url":"https:\/\/millercanfield.pl\/wp-content\/uploads\/2024\/04\/mclogo.png","contentUrl":"https:\/\/millercanfield.pl\/wp-content\/uploads\/2024\/04\/mclogo.png","width":684,"height":250,"caption":"Miller Canfield"},"image":{"@id":"https:\/\/millercanfield.pl\/en\/#\/schema\/logo\/image\/"},"sameAs":["https:\/\/www.linkedin.com\/company\/miller-canfield-poland-real-estate\/"]},{"@type":"Person","@id":"https:\/\/millercanfield.pl\/en\/#\/schema\/person\/06e8d38944bdda88e80fa2b7d1e71e4f","name":"MillerCanfield","image":{"@type":"ImageObject","inLanguage":"en-US","@id":"https:\/\/secure.gravatar.com\/avatar\/461c3262b2ec04cbeab90180519ea242e7112ded61caaf45dbdca3df73a5fbf1?s=96&d=mm&r=g","url":"https:\/\/secure.gravatar.com\/avatar\/461c3262b2ec04cbeab90180519ea242e7112ded61caaf45dbdca3df73a5fbf1?s=96&d=mm&r=g","contentUrl":"https:\/\/secure.gravatar.com\/avatar\/461c3262b2ec04cbeab90180519ea242e7112ded61caaf45dbdca3df73a5fbf1?s=96&d=mm&r=g","caption":"MillerCanfield"},"url":"https:\/\/millercanfield.pl\/en\/author\/kasiaaleszczyk\/"}]}},"_links":{"self":[{"href":"https:\/\/millercanfield.pl\/en\/wp-json\/wp\/v2\/posts\/4641","targetHints":{"allow":["GET"]}}],"collection":[{"href":"https:\/\/millercanfield.pl\/en\/wp-json\/wp\/v2\/posts"}],"about":[{"href":"https:\/\/millercanfield.pl\/en\/wp-json\/wp\/v2\/types\/post"}],"author":[{"embeddable":true,"href":"https:\/\/millercanfield.pl\/en\/wp-json\/wp\/v2\/users\/2"}],"replies":[{"embeddable":true,"href":"https:\/\/millercanfield.pl\/en\/wp-json\/wp\/v2\/comments?post=4641"}],"version-history":[{"count":0,"href":"https:\/\/millercanfield.pl\/en\/wp-json\/wp\/v2\/posts\/4641\/revisions"}],"wp:featuredmedia":[{"embeddable":true,"href":"https:\/\/millercanfield.pl\/en\/wp-json\/wp\/v2\/media\/893"}],"wp:attachment":[{"href":"https:\/\/millercanfield.pl\/en\/wp-json\/wp\/v2\/media?parent=4641"}],"wp:term":[{"taxonomy":"category","embeddable":true,"href":"https:\/\/millercanfield.pl\/en\/wp-json\/wp\/v2\/categories?post=4641"},{"taxonomy":"post_tag","embeddable":true,"href":"https:\/\/millercanfield.pl\/en\/wp-json\/wp\/v2\/tags?post=4641"}],"curies":[{"name":"wp","href":"https:\/\/api.w.org\/{rel}","templated":true}]}}