{"id":3662,"date":"2016-02-22T18:56:55","date_gmt":"2016-02-22T18:56:55","guid":{"rendered":"https:\/\/millercanfield.pl\/?p=3662"},"modified":"2025-04-14T18:03:41","modified_gmt":"2025-04-14T18:03:41","slug":"proposed-amendments-to-the-national-court-register-act","status":"publish","type":"post","link":"https:\/\/millercanfield.pl\/en\/proposed-amendments-to-the-national-court-register-act\/","title":{"rendered":"PROPOSED AMENDMENTS TO THE NATIONAL COURT REGISTER ACT"},"content":{"rendered":"\t\t<div data-elementor-type=\"wp-post\" data-elementor-id=\"3662\" class=\"elementor elementor-3662 elementor-3902\" data-elementor-post-type=\"post\">\n\t\t\t\t<div class=\"elementor-element elementor-element-434406ba e-flex e-con-boxed e-con e-parent\" data-id=\"434406ba\" data-element_type=\"container\" data-e-type=\"container\">\n\t\t\t\t\t<div class=\"e-con-inner\">\n\t\t\t\t<div class=\"elementor-element elementor-element-75b1efe6 exad-sticky-section-no exad-glass-effect-no elementor-widget elementor-widget-text-editor\" data-id=\"75b1efe6\" data-element_type=\"widget\" data-e-type=\"widget\" data-widget_type=\"text-editor.default\">\n\t\t\t\t<div class=\"elementor-widget-container\">\n\t\t\t\t\t\t\t\t\t<p>Ministerstwo Sprawiedliwo\u015bci opublikowa\u0142o informacj\u0119 o rozpocz\u0119ciu prac nad ustaw\u0105 o zmianie ustawy o Krajowym Rejestrze S\u0105dowym oraz niekt\u00f3rych innych ustaw.<\/p><p>Projektowane za\u0142o\u017cenia w spos\u00f3b diametralny zmieniaj\u0105 zasady funkcjonowania KRS. Ministerstwo Sprawiedliwo\u015bci podj\u0119\u0142o prac\u0119 nad nowelizacj\u0105 ze wzgl\u0119du na konieczno\u015b\u0107 implementacji dyrektywy Parlamentu Europejskiego i Rady 2012\/17\/UE z dnia 13 czerwca 2012 roku zmieniaj\u0105cej dyrektyw\u0119 Rady 89\/666\/EWG i dyrektywy Parlamentu Europejskiego i Rady 2005\/56\/WE i 2009\/101\/WE w zakresie integracji rejestr\u00f3w centralnych, rejestr\u00f3w handlowych i rejestr\u00f3w sp\u00f3\u0142ek, kt\u00f3re to dyrektywy zobowi\u0105zuj\u0105 pa\u0144stwa cz\u0142onkowskie Unii Europejskiej do wymiany danych dotycz\u0105cych sp\u00f3\u0142ek oraz do dost\u0119pu do aktualnych informacji o sp\u00f3\u0142kach. Nowelizacja ma r\u00f3wnie\u017c na celu m.in.:<\/p><ul><li>skr\u00f3cenie czasu trwania post\u0119powa\u0144 rejestrowych;<\/li><li>obni\u017cenie koszt\u00f3w wpis\u00f3w dokonywanych w KRS;<\/li><li>uproszczenie procedur dotycz\u0105cych wpis\u00f3w ewidencyjnych;<\/li><li>ograniczenie mo\u017cliwo\u015bci zwrotu wniosku;<\/li><li>u\u0142atwienie dost\u0119pu do dokument\u00f3w znajduj\u0105cych si\u0119 w aktach rejestrowych KRS, w tym do sprawozda\u0144 finansowych; oraz<\/li><li>doprecyzowanie przepis\u00f3w dotycz\u0105cych mo\u017cliwo\u015bci z\u0142o\u017cenia skargi na orzeczenie referendarza s\u0105dowego.<br \/><br \/><\/li><\/ul><p>Pomimo, i\u017c wy\u017cej powo\u0142ana dyrektywa 2012\/17\/UE zak\u0142ada konieczno\u015b\u0107 udost\u0119pniania w ramach Unii Europejskiej dokument\u00f3w sk\u0142adanych do KRS dotycz\u0105cych sp\u00f3\u0142ek akcyjnych, z ograniczon\u0105 odpowiedzialno\u015bci\u0105, komandytowo \u2013 akcyjnych i europejskich, Ministerstwo Sprawiedliwo\u015bci zdecydowa\u0142o si\u0119 na obj\u0119cie zmianami wszystkich podmiot\u00f3w wpisanych do rejestru przedsi\u0119biorc\u00f3w Krajowego Rejestru S\u0105dowego.<\/p><p>Aby osi\u0105gn\u0105\u0107 wy\u017cej wymienione cele proponuje si\u0119, aby procedura sk\u0142adania wszystkich wniosk\u00f3w do KRS prowadzona by\u0142a drog\u0105 elektroniczn\u0105. Wszelka korespondencja prowadzona pomi\u0119dzy KRS a wnioskodawcami\/stronami r\u00f3wnie\u017c ma by\u0107 prowadzona drog\u0105 elektroniczn\u0105, w tym w zakresie wezwa\u0144 dotycz\u0105cych brak\u00f3w wniosk\u00f3w kierowanych do KRS oraz orzecze\u0144 s\u0105du.<\/p><p>Kolejn\u0105 nowo\u015bci\u0105 jest obowi\u0105zek, pocz\u0105wszy od 1 czerwca 2017 roku, prowadzenia akt rejestrowych podmiot\u00f3w wpisywanych do KRS w formie elektronicznej, kt\u00f3re to zbiory udost\u0119pniane by\u0142yby zainteresowanym w czytelniach s\u0105d\u00f3w rejestrowych. Docelowo planuje si\u0119 utworzenie og\u00f3lnodost\u0119pnego serwisu internetowego, kt\u00f3ry umo\u017cliwi wszystkim zainteresowanym, bez zb\u0119dnych formalno\u015bci, dost\u0119p do wszystkich dokument\u00f3w sk\u0142adanych do KRS, orzecze\u0144 s\u0105d\u00f3w rejestrowych, jak r\u00f3wnie\u017c umo\u017cliwi bie\u017c\u0105ce \u015bledzenie toku prowadzonych post\u0119powa\u0144 rejestrowych.<\/p><p>W\u015br\u00f3d plan\u00f3w Ministerstwa Sprawiedliwo\u015bci znajduje si\u0119 r\u00f3wnie\u017c pomys\u0142 utworzenia centralnego repozytorium akt\u00f3w notarialnych stanowi\u0105cych podstaw\u0119 wpisu do odpowiedniego rejestru lub podlegaj\u0105cych z\u0142o\u017ceniu do KRS, kt\u00f3re to akty by\u0142yby automatycznie przekazywane do s\u0105d\u00f3w rejestrowych celem wszcz\u0119cia odpowiedniego post\u0119powania.<\/p><p>Co wi\u0119cej, nowelizacja ustawy o KRS wprowadzi\u0107 ma wym\u00f3g przesy\u0142ania sprawozda\u0144 finansowych drog\u0105 elektroniczn\u0105, w uniwersalnym formacie danych. Interesuj\u0105cym rozwi\u0105zaniem jest r\u00f3wnie\u017c rezygnacja z publikacji wpis\u00f3w w Monitorze S\u0105dowym i Gospodarczym na rzecz udost\u0119pniania informacji o podmiotach wpisanych do rejestru przedsi\u0119biorc\u00f3w na portalu internetowym. Ustawa nowelizacyjna mia\u0142aby r\u00f3wnie\u017c zawiera\u0107 regulacj\u0119 pozwalaj\u0105c\u0105 na zastosowanie wobec wsp\u00f3lnik\u00f3w sp\u00f3\u0142ki lub innych podmiot\u00f3w zobowi\u0105zanych do powo\u0142ania organu reprezentacji, art. 24 ust. 1 ustawy o KRS w zakresie powo\u0142ania organu uprawnionego do reprezentacji, w przypadku gdy brak organu uniemo\u017cliwia funkcjonowanie sp\u00f3\u0142ki.<\/p><p>Wszystkie powy\u017csze za\u0142o\u017cenia do nowelizacji maj\u0105 przyczyni\u0107 si\u0119 do znacznego u\u0142atwienia i uproszczenia post\u0119powa\u0144 rejestrowych, jak r\u00f3wnie\u017c obni\u017cy\u0107 ich koszty. Jak wspomniano na pocz\u0105tku, s\u0105 to jedynie za\u0142o\u017cenia do projektowanej ustawy nowelizacyjnej, a jej ostateczny kszta\u0142t nie jest jeszcze znany. Ustawa nowelizuj\u0105ca ustaw\u0119 o Krajowym Rejestrze S\u0105dowym mia\u0142a by wej\u015b\u0107 w \u017cycie w roku 2017.<\/p>\t\t\t\t\t\t\t\t<\/div>\n\t\t\t\t<\/div>\n\t\t\t\t<div class=\"elementor-element elementor-element-1302a9e elementor-alert-info exad-sticky-section-no exad-glass-effect-no elementor-widget elementor-widget-alert\" data-id=\"1302a9e\" data-element_type=\"widget\" data-e-type=\"widget\" data-widget_type=\"alert.default\">\n\t\t\t\t<div class=\"elementor-widget-container\">\n\t\t\t\t\t\t\t<div class=\"elementor-alert\" role=\"alert\">\n\n\t\t\t\n\t\t\t\t\t\t<span class=\"elementor-alert-description\">\u00a9 Miller, Canfield, W. Babicki, A. Che\u0142chowski i Wsp\u00f3lnicy Sp. k.<\/span>\n\t\t\t\n\t\t\t\t\t\t<button type=\"button\" class=\"elementor-alert-dismiss\" aria-label=\"Dismiss this alert.\">\n\t\t\t\t\t\t\t\t\t<span aria-hidden=\"true\">&times;<\/span>\n\t\t\t\t\t\t\t<\/button>\n\t\t\t\n\t\t<\/div>\n\t\t\t\t\t\t<\/div>\n\t\t\t\t<\/div>\n\t\t\t\t\t<\/div>\n\t\t\t\t<\/div>\n\t\t\t\t<\/div>\n\t\t","protected":false},"excerpt":{"rendered":"<p>Ministerstwo Sprawiedliwo\u015bci opublikowa\u0142o informacj\u0119 o rozpocz\u0119ciu prac nad ustaw\u0105 o zmianie ustawy o Krajowym Rejestrze S\u0105dowym oraz niekt\u00f3rych innych ustaw. Projektowane za\u0142o\u017cenia w spos\u00f3b diametralny zmieniaj\u0105 zasady funkcjonowania KRS. Ministerstwo Sprawiedliwo\u015bci podj\u0119\u0142o prac\u0119 nad nowelizacj\u0105 ze wzgl\u0119du na konieczno\u015b\u0107 implementacji dyrektywy Parlamentu Europejskiego i Rady 2012\/17\/UE z dnia 13 czerwca 2012 roku zmieniaj\u0105cej dyrektyw\u0119 Rady [&hellip;]<\/p>\n","protected":false},"author":2,"featured_media":867,"comment_status":"closed","ping_status":"open","sticky":false,"template":"","format":"standard","meta":{"_acf_changed":false,"footnotes":""},"categories":[13,1],"tags":[],"class_list":["post-3662","post","type-post","status-publish","format-standard","has-post-thumbnail","hentry","category-polish-law-review-en","category-publications"],"acf":[],"yoast_head":"<!-- This site is optimized with the Yoast SEO plugin v27.4 - https:\/\/yoast.com\/product\/yoast-seo-wordpress\/ -->\n<title>PROPOSED AMENDMENTS TO THE NATIONAL COURT REGISTER ACT<\/title>\n<meta name=\"description\" content=\"Proposed amendments to the National Court Register Act \u2013 a look at the proposed amendments to Poland&#039;s National Court Register and their legal implications.\" \/>\n<meta name=\"robots\" content=\"index, follow, max-snippet:-1, max-image-preview:large, max-video-preview:-1\" \/>\n<link rel=\"canonical\" href=\"https:\/\/millercanfield.pl\/en\/proposed-amendments-to-the-national-court-register-act\/\" \/>\n<meta property=\"og:locale\" content=\"en_US\" \/>\n<meta property=\"og:type\" content=\"article\" \/>\n<meta property=\"og:title\" content=\"PROPOSED AMENDMENTS TO THE NATIONAL COURT REGISTER ACT\" \/>\n<meta property=\"og:description\" content=\"Proposed amendments to the National Court Register Act \u2013 a look at the proposed amendments to Poland&#039;s National Court Register and their legal implications.\" \/>\n<meta property=\"og:url\" content=\"https:\/\/millercanfield.pl\/en\/proposed-amendments-to-the-national-court-register-act\/\" \/>\n<meta property=\"og:site_name\" content=\"MillerCanfield\" \/>\n<meta property=\"article:published_time\" content=\"2016-02-22T18:56:55+00:00\" \/>\n<meta property=\"article:modified_time\" content=\"2025-04-14T18:03:41+00:00\" \/>\n<meta property=\"og:image\" content=\"https:\/\/millercanfield.pl\/wp-content\/uploads\/2024\/05\/iStock-175254453-scaled.jpg\" \/>\n\t<meta property=\"og:image:width\" content=\"2560\" \/>\n\t<meta property=\"og:image:height\" content=\"1709\" \/>\n\t<meta property=\"og:image:type\" content=\"image\/jpeg\" \/>\n<meta name=\"author\" content=\"MillerCanfield\" \/>\n<meta name=\"twitter:card\" content=\"summary_large_image\" \/>\n<meta name=\"twitter:label1\" content=\"Written by\" \/>\n\t<meta name=\"twitter:data1\" content=\"MillerCanfield\" \/>\n\t<meta name=\"twitter:label2\" content=\"Est. reading time\" \/>\n\t<meta name=\"twitter:data2\" content=\"3 minutes\" \/>\n<script type=\"application\/ld+json\" class=\"yoast-schema-graph\">{\"@context\":\"https:\\\/\\\/schema.org\",\"@graph\":[{\"@type\":\"Article\",\"@id\":\"https:\\\/\\\/millercanfield.pl\\\/en\\\/proposed-amendments-to-the-national-court-register-act\\\/#article\",\"isPartOf\":{\"@id\":\"https:\\\/\\\/millercanfield.pl\\\/en\\\/proposed-amendments-to-the-national-court-register-act\\\/\"},\"author\":{\"name\":\"MillerCanfield\",\"@id\":\"https:\\\/\\\/millercanfield.pl\\\/en\\\/#\\\/schema\\\/person\\\/06e8d38944bdda88e80fa2b7d1e71e4f\"},\"headline\":\"PROPOSED AMENDMENTS TO THE NATIONAL COURT REGISTER ACT\",\"datePublished\":\"2016-02-22T18:56:55+00:00\",\"dateModified\":\"2025-04-14T18:03:41+00:00\",\"mainEntityOfPage\":{\"@id\":\"https:\\\/\\\/millercanfield.pl\\\/en\\\/proposed-amendments-to-the-national-court-register-act\\\/\"},\"wordCount\":642,\"publisher\":{\"@id\":\"https:\\\/\\\/millercanfield.pl\\\/en\\\/#organization\"},\"image\":{\"@id\":\"https:\\\/\\\/millercanfield.pl\\\/en\\\/proposed-amendments-to-the-national-court-register-act\\\/#primaryimage\"},\"thumbnailUrl\":\"https:\\\/\\\/millercanfield.pl\\\/wp-content\\\/uploads\\\/2024\\\/05\\\/iStock-175254453-scaled.jpg\",\"articleSection\":[\"Polish Law Review\",\"Publications\"],\"inLanguage\":\"en-US\"},{\"@type\":\"WebPage\",\"@id\":\"https:\\\/\\\/millercanfield.pl\\\/en\\\/proposed-amendments-to-the-national-court-register-act\\\/\",\"url\":\"https:\\\/\\\/millercanfield.pl\\\/en\\\/proposed-amendments-to-the-national-court-register-act\\\/\",\"name\":\"PROPOSED AMENDMENTS TO THE NATIONAL COURT REGISTER ACT\",\"isPartOf\":{\"@id\":\"https:\\\/\\\/millercanfield.pl\\\/en\\\/#website\"},\"primaryImageOfPage\":{\"@id\":\"https:\\\/\\\/millercanfield.pl\\\/en\\\/proposed-amendments-to-the-national-court-register-act\\\/#primaryimage\"},\"image\":{\"@id\":\"https:\\\/\\\/millercanfield.pl\\\/en\\\/proposed-amendments-to-the-national-court-register-act\\\/#primaryimage\"},\"thumbnailUrl\":\"https:\\\/\\\/millercanfield.pl\\\/wp-content\\\/uploads\\\/2024\\\/05\\\/iStock-175254453-scaled.jpg\",\"datePublished\":\"2016-02-22T18:56:55+00:00\",\"dateModified\":\"2025-04-14T18:03:41+00:00\",\"description\":\"Proposed amendments to the National Court Register Act \u2013 a look at the proposed amendments to Poland's National Court Register and their legal implications.\",\"breadcrumb\":{\"@id\":\"https:\\\/\\\/millercanfield.pl\\\/en\\\/proposed-amendments-to-the-national-court-register-act\\\/#breadcrumb\"},\"inLanguage\":\"en-US\",\"potentialAction\":[{\"@type\":\"ReadAction\",\"target\":[\"https:\\\/\\\/millercanfield.pl\\\/en\\\/proposed-amendments-to-the-national-court-register-act\\\/\"]}]},{\"@type\":\"ImageObject\",\"inLanguage\":\"en-US\",\"@id\":\"https:\\\/\\\/millercanfield.pl\\\/en\\\/proposed-amendments-to-the-national-court-register-act\\\/#primaryimage\",\"url\":\"https:\\\/\\\/millercanfield.pl\\\/wp-content\\\/uploads\\\/2024\\\/05\\\/iStock-175254453-scaled.jpg\",\"contentUrl\":\"https:\\\/\\\/millercanfield.pl\\\/wp-content\\\/uploads\\\/2024\\\/05\\\/iStock-175254453-scaled.jpg\",\"width\":2560,\"height\":1709,\"caption\":\"Reading news on tablet computer. Hand touching and using tablet pc.Please see some similar pictures from my portfolio:\"},{\"@type\":\"BreadcrumbList\",\"@id\":\"https:\\\/\\\/millercanfield.pl\\\/en\\\/proposed-amendments-to-the-national-court-register-act\\\/#breadcrumb\",\"itemListElement\":[{\"@type\":\"ListItem\",\"position\":1,\"name\":\"Strona g\u0142\u00f3wna\",\"item\":\"https:\\\/\\\/millercanfield.pl\\\/en\\\/\"},{\"@type\":\"ListItem\",\"position\":2,\"name\":\"PROPOSED AMENDMENTS TO THE NATIONAL COURT REGISTER ACT\"}]},{\"@type\":\"WebSite\",\"@id\":\"https:\\\/\\\/millercanfield.pl\\\/en\\\/#website\",\"url\":\"https:\\\/\\\/millercanfield.pl\\\/en\\\/\",\"name\":\"MillerCanfield\",\"description\":\"\",\"publisher\":{\"@id\":\"https:\\\/\\\/millercanfield.pl\\\/en\\\/#organization\"},\"potentialAction\":[{\"@type\":\"SearchAction\",\"target\":{\"@type\":\"EntryPoint\",\"urlTemplate\":\"https:\\\/\\\/millercanfield.pl\\\/en\\\/?s={search_term_string}\"},\"query-input\":{\"@type\":\"PropertyValueSpecification\",\"valueRequired\":true,\"valueName\":\"search_term_string\"}}],\"inLanguage\":\"en-US\"},{\"@type\":\"Organization\",\"@id\":\"https:\\\/\\\/millercanfield.pl\\\/en\\\/#organization\",\"name\":\"Miller Canfield\",\"url\":\"https:\\\/\\\/millercanfield.pl\\\/en\\\/\",\"logo\":{\"@type\":\"ImageObject\",\"inLanguage\":\"en-US\",\"@id\":\"https:\\\/\\\/millercanfield.pl\\\/en\\\/#\\\/schema\\\/logo\\\/image\\\/\",\"url\":\"https:\\\/\\\/millercanfield.pl\\\/wp-content\\\/uploads\\\/2024\\\/04\\\/mclogo.png\",\"contentUrl\":\"https:\\\/\\\/millercanfield.pl\\\/wp-content\\\/uploads\\\/2024\\\/04\\\/mclogo.png\",\"width\":684,\"height\":250,\"caption\":\"Miller Canfield\"},\"image\":{\"@id\":\"https:\\\/\\\/millercanfield.pl\\\/en\\\/#\\\/schema\\\/logo\\\/image\\\/\"},\"sameAs\":[\"https:\\\/\\\/www.linkedin.com\\\/company\\\/miller-canfield-poland-real-estate\\\/\"]},{\"@type\":\"Person\",\"@id\":\"https:\\\/\\\/millercanfield.pl\\\/en\\\/#\\\/schema\\\/person\\\/06e8d38944bdda88e80fa2b7d1e71e4f\",\"name\":\"MillerCanfield\",\"image\":{\"@type\":\"ImageObject\",\"inLanguage\":\"en-US\",\"@id\":\"https:\\\/\\\/secure.gravatar.com\\\/avatar\\\/461c3262b2ec04cbeab90180519ea242e7112ded61caaf45dbdca3df73a5fbf1?s=96&d=mm&r=g\",\"url\":\"https:\\\/\\\/secure.gravatar.com\\\/avatar\\\/461c3262b2ec04cbeab90180519ea242e7112ded61caaf45dbdca3df73a5fbf1?s=96&d=mm&r=g\",\"contentUrl\":\"https:\\\/\\\/secure.gravatar.com\\\/avatar\\\/461c3262b2ec04cbeab90180519ea242e7112ded61caaf45dbdca3df73a5fbf1?s=96&d=mm&r=g\",\"caption\":\"MillerCanfield\"},\"url\":\"https:\\\/\\\/millercanfield.pl\\\/en\\\/author\\\/kasiaaleszczyk\\\/\"}]}<\/script>\n<!-- \/ Yoast SEO plugin. -->","yoast_head_json":{"title":"PROPOSED AMENDMENTS TO THE NATIONAL COURT REGISTER ACT","description":"Proposed amendments to the National Court Register Act \u2013 a look at the proposed amendments to Poland's National Court Register and their legal implications.","robots":{"index":"index","follow":"follow","max-snippet":"max-snippet:-1","max-image-preview":"max-image-preview:large","max-video-preview":"max-video-preview:-1"},"canonical":"https:\/\/millercanfield.pl\/en\/proposed-amendments-to-the-national-court-register-act\/","og_locale":"en_US","og_type":"article","og_title":"PROPOSED AMENDMENTS TO THE NATIONAL COURT REGISTER ACT","og_description":"Proposed amendments to the National Court Register Act \u2013 a look at the proposed amendments to Poland's National Court Register and their legal implications.","og_url":"https:\/\/millercanfield.pl\/en\/proposed-amendments-to-the-national-court-register-act\/","og_site_name":"MillerCanfield","article_published_time":"2016-02-22T18:56:55+00:00","article_modified_time":"2025-04-14T18:03:41+00:00","og_image":[{"width":2560,"height":1709,"url":"https:\/\/millercanfield.pl\/wp-content\/uploads\/2024\/05\/iStock-175254453-scaled.jpg","type":"image\/jpeg"}],"author":"MillerCanfield","twitter_card":"summary_large_image","twitter_misc":{"Written by":"MillerCanfield","Est. reading time":"3 minutes"},"schema":{"@context":"https:\/\/schema.org","@graph":[{"@type":"Article","@id":"https:\/\/millercanfield.pl\/en\/proposed-amendments-to-the-national-court-register-act\/#article","isPartOf":{"@id":"https:\/\/millercanfield.pl\/en\/proposed-amendments-to-the-national-court-register-act\/"},"author":{"name":"MillerCanfield","@id":"https:\/\/millercanfield.pl\/en\/#\/schema\/person\/06e8d38944bdda88e80fa2b7d1e71e4f"},"headline":"PROPOSED AMENDMENTS TO THE NATIONAL COURT REGISTER ACT","datePublished":"2016-02-22T18:56:55+00:00","dateModified":"2025-04-14T18:03:41+00:00","mainEntityOfPage":{"@id":"https:\/\/millercanfield.pl\/en\/proposed-amendments-to-the-national-court-register-act\/"},"wordCount":642,"publisher":{"@id":"https:\/\/millercanfield.pl\/en\/#organization"},"image":{"@id":"https:\/\/millercanfield.pl\/en\/proposed-amendments-to-the-national-court-register-act\/#primaryimage"},"thumbnailUrl":"https:\/\/millercanfield.pl\/wp-content\/uploads\/2024\/05\/iStock-175254453-scaled.jpg","articleSection":["Polish Law Review","Publications"],"inLanguage":"en-US"},{"@type":"WebPage","@id":"https:\/\/millercanfield.pl\/en\/proposed-amendments-to-the-national-court-register-act\/","url":"https:\/\/millercanfield.pl\/en\/proposed-amendments-to-the-national-court-register-act\/","name":"PROPOSED AMENDMENTS TO THE NATIONAL COURT REGISTER ACT","isPartOf":{"@id":"https:\/\/millercanfield.pl\/en\/#website"},"primaryImageOfPage":{"@id":"https:\/\/millercanfield.pl\/en\/proposed-amendments-to-the-national-court-register-act\/#primaryimage"},"image":{"@id":"https:\/\/millercanfield.pl\/en\/proposed-amendments-to-the-national-court-register-act\/#primaryimage"},"thumbnailUrl":"https:\/\/millercanfield.pl\/wp-content\/uploads\/2024\/05\/iStock-175254453-scaled.jpg","datePublished":"2016-02-22T18:56:55+00:00","dateModified":"2025-04-14T18:03:41+00:00","description":"Proposed amendments to the National Court Register Act \u2013 a look at the proposed amendments to Poland's National Court Register and their legal implications.","breadcrumb":{"@id":"https:\/\/millercanfield.pl\/en\/proposed-amendments-to-the-national-court-register-act\/#breadcrumb"},"inLanguage":"en-US","potentialAction":[{"@type":"ReadAction","target":["https:\/\/millercanfield.pl\/en\/proposed-amendments-to-the-national-court-register-act\/"]}]},{"@type":"ImageObject","inLanguage":"en-US","@id":"https:\/\/millercanfield.pl\/en\/proposed-amendments-to-the-national-court-register-act\/#primaryimage","url":"https:\/\/millercanfield.pl\/wp-content\/uploads\/2024\/05\/iStock-175254453-scaled.jpg","contentUrl":"https:\/\/millercanfield.pl\/wp-content\/uploads\/2024\/05\/iStock-175254453-scaled.jpg","width":2560,"height":1709,"caption":"Reading news on tablet computer. Hand touching and using tablet pc.Please see some similar pictures from my portfolio:"},{"@type":"BreadcrumbList","@id":"https:\/\/millercanfield.pl\/en\/proposed-amendments-to-the-national-court-register-act\/#breadcrumb","itemListElement":[{"@type":"ListItem","position":1,"name":"Strona g\u0142\u00f3wna","item":"https:\/\/millercanfield.pl\/en\/"},{"@type":"ListItem","position":2,"name":"PROPOSED AMENDMENTS TO THE NATIONAL COURT REGISTER ACT"}]},{"@type":"WebSite","@id":"https:\/\/millercanfield.pl\/en\/#website","url":"https:\/\/millercanfield.pl\/en\/","name":"MillerCanfield","description":"","publisher":{"@id":"https:\/\/millercanfield.pl\/en\/#organization"},"potentialAction":[{"@type":"SearchAction","target":{"@type":"EntryPoint","urlTemplate":"https:\/\/millercanfield.pl\/en\/?s={search_term_string}"},"query-input":{"@type":"PropertyValueSpecification","valueRequired":true,"valueName":"search_term_string"}}],"inLanguage":"en-US"},{"@type":"Organization","@id":"https:\/\/millercanfield.pl\/en\/#organization","name":"Miller Canfield","url":"https:\/\/millercanfield.pl\/en\/","logo":{"@type":"ImageObject","inLanguage":"en-US","@id":"https:\/\/millercanfield.pl\/en\/#\/schema\/logo\/image\/","url":"https:\/\/millercanfield.pl\/wp-content\/uploads\/2024\/04\/mclogo.png","contentUrl":"https:\/\/millercanfield.pl\/wp-content\/uploads\/2024\/04\/mclogo.png","width":684,"height":250,"caption":"Miller Canfield"},"image":{"@id":"https:\/\/millercanfield.pl\/en\/#\/schema\/logo\/image\/"},"sameAs":["https:\/\/www.linkedin.com\/company\/miller-canfield-poland-real-estate\/"]},{"@type":"Person","@id":"https:\/\/millercanfield.pl\/en\/#\/schema\/person\/06e8d38944bdda88e80fa2b7d1e71e4f","name":"MillerCanfield","image":{"@type":"ImageObject","inLanguage":"en-US","@id":"https:\/\/secure.gravatar.com\/avatar\/461c3262b2ec04cbeab90180519ea242e7112ded61caaf45dbdca3df73a5fbf1?s=96&d=mm&r=g","url":"https:\/\/secure.gravatar.com\/avatar\/461c3262b2ec04cbeab90180519ea242e7112ded61caaf45dbdca3df73a5fbf1?s=96&d=mm&r=g","contentUrl":"https:\/\/secure.gravatar.com\/avatar\/461c3262b2ec04cbeab90180519ea242e7112ded61caaf45dbdca3df73a5fbf1?s=96&d=mm&r=g","caption":"MillerCanfield"},"url":"https:\/\/millercanfield.pl\/en\/author\/kasiaaleszczyk\/"}]}},"_links":{"self":[{"href":"https:\/\/millercanfield.pl\/en\/wp-json\/wp\/v2\/posts\/3662","targetHints":{"allow":["GET"]}}],"collection":[{"href":"https:\/\/millercanfield.pl\/en\/wp-json\/wp\/v2\/posts"}],"about":[{"href":"https:\/\/millercanfield.pl\/en\/wp-json\/wp\/v2\/types\/post"}],"author":[{"embeddable":true,"href":"https:\/\/millercanfield.pl\/en\/wp-json\/wp\/v2\/users\/2"}],"replies":[{"embeddable":true,"href":"https:\/\/millercanfield.pl\/en\/wp-json\/wp\/v2\/comments?post=3662"}],"version-history":[{"count":0,"href":"https:\/\/millercanfield.pl\/en\/wp-json\/wp\/v2\/posts\/3662\/revisions"}],"wp:featuredmedia":[{"embeddable":true,"href":"https:\/\/millercanfield.pl\/en\/wp-json\/wp\/v2\/media\/867"}],"wp:attachment":[{"href":"https:\/\/millercanfield.pl\/en\/wp-json\/wp\/v2\/media?parent=3662"}],"wp:term":[{"taxonomy":"category","embeddable":true,"href":"https:\/\/millercanfield.pl\/en\/wp-json\/wp\/v2\/categories?post=3662"},{"taxonomy":"post_tag","embeddable":true,"href":"https:\/\/millercanfield.pl\/en\/wp-json\/wp\/v2\/tags?post=3662"}],"curies":[{"name":"wp","href":"https:\/\/api.w.org\/{rel}","templated":true}]}}