{"id":3654,"date":"2016-02-22T15:42:51","date_gmt":"2016-02-22T15:42:51","guid":{"rendered":"https:\/\/millercanfield.pl\/?p=3654"},"modified":"2025-04-14T18:03:41","modified_gmt":"2025-04-14T18:03:41","slug":"liability-of-executives-for-an-infringement-of-anticompetitive-arrangement-related-bans","status":"publish","type":"post","link":"https:\/\/millercanfield.pl\/en\/liability-of-executives-for-an-infringement-of-anticompetitive-arrangement-related-bans\/","title":{"rendered":"LIABILITY OF EXECUTIVES FOR AN INFRINGEMENT OF ANTICOMPETITIVE ARRANGEMENT-RELATED BANS"},"content":{"rendered":"\t\t<div data-elementor-type=\"wp-post\" data-elementor-id=\"3654\" class=\"elementor elementor-3654 elementor-3699\" data-elementor-post-type=\"post\">\n\t\t\t\t<div class=\"elementor-element elementor-element-6394c58d e-flex e-con-boxed e-con e-parent\" data-id=\"6394c58d\" data-element_type=\"container\" data-e-type=\"container\">\n\t\t\t\t\t<div class=\"e-con-inner\">\n\t\t\t\t<div class=\"elementor-element elementor-element-75118ddc exad-sticky-section-no exad-glass-effect-no elementor-widget elementor-widget-text-editor\" data-id=\"75118ddc\" data-element_type=\"widget\" data-e-type=\"widget\" data-widget_type=\"text-editor.default\">\n\t\t\t\t<div class=\"elementor-widget-container\">\n\t\t\t\t\t\t\t\t\t<p>Na mocy nowelizacji ustawy o ochronie konkurencji i konsument\u00f3w (ustawa z dnia 16 lutego 2007 r.; Dz. U. Nr 50, poz. 331, z p\u00f3\u017an. zm., dalej jako \u201eUstawa\u201d), obowi\u0105zuj\u0105cej od 18 stycznia 2015 r., osoby zarz\u0105dzaj\u0105ce przedsi\u0119biorstwem, przez kt\u00f3re rozumie si\u0119 osoby kieruj\u0105ce przedsi\u0119biorstwem, w szczeg\u00f3lno\u015bci pe\u0142ni\u0105ce funkcj\u0119 kierownicz\u0105 lub wchodz\u0105ce w sk\u0142ad organu zarz\u0105dzaj\u0105cego przedsi\u0119biorcy, ponosz\u0105 osobist\u0105 odpowiedzialno\u015b\u0107 za naruszenie zakaz\u00f3w (prawa krajowego lub unijnego) porozumie\u0144 antykonkurencyjnych \u2013 o ile w ramach sprawowania swojej funkcji w czasie trwania stwierdzonego naruszenia tych zakaz\u00f3w dopu\u015bci\u0142y przez swoje dzia\u0142anie lub zaniechanie do naruszenia przez tego przedsi\u0119biorc\u0119 wymienionych zakaz\u00f3w.<\/p><p>Odpowiedzialno\u015b\u0107 os\u00f3b zarz\u0105dzaj\u0105cych odnosi si\u0119 do porozumie\u0144 obj\u0119tych tre\u015bci\u0105 zakazu zawierania porozumie\u0144 antykonkurencyjnych, na szczeblu krajowym i unijnym, polegaj\u0105cych na: ustalaniu cen i innych warunk\u00f3w zakupu lub sprzeda\u017cy towar\u00f3w, ograniczaniu lub kontrolowaniu produkcji lub zbytu oraz post\u0119pu technicznego lub inwestycji, podziale rynk\u00f3w zbytu lub zakupu, stosowaniu w podobnych umowach z osobami trzecimi uci\u0105\u017cliwych lub niejednolitych warunk\u00f3w um\u00f3w, stwarzaj\u0105cych tym osobom zr\u00f3\u017cnicowane warunki konkurencji, uzale\u017cnianiu zawarcia umowy od przyj\u0119cia lub spe\u0142nienia przez drug\u0105 stron\u0119 innego \u015bwiadczenia, niemaj\u0105cego rzeczowego ani zwyczajowego zwi\u0105zku z przedmiotem umowy, ograniczaniu dost\u0119pu do rynku lub eliminowaniu z rynku przedsi\u0119biorc\u00f3w nieobj\u0119tych porozumieniem. Co istotne, jako porozumienia traktowane s\u0105 nie tylko umowy sensu stricto, ale te\u017c uzgodnienia dokonane w jakiejkolwiek formie przez dw\u00f3ch lub wi\u0119cej przedsi\u0119biorc\u00f3w lub ich zwi\u0105zki, jak r\u00f3wnie\u017c uchwa\u0142y lub inne akty zwi\u0105zk\u00f3w przedsi\u0119biorc\u00f3w lub ich organ\u00f3w statutowych. Nie ma przy tym znaczenia, czy dane porozumienie zawierane jest w ramach podmiot\u00f3w dzia\u0142aj\u0105cych na r\u00f3\u017cnych szczeblach obrotu (porozumienia wertykalne), czy na tym samym (porozumienia horyzontalne, pomi\u0119dzy konkurentami), ani czy jest zakazane ze wzgl\u0119du na antykonkurencyjny cel czy skutek.<\/p><p>Warunkami odpowiedzialno\u015bci osoby zarz\u0105dzaj\u0105cej s\u0105 umy\u015blno\u015b\u0107 dzia\u0142ania lub zaniechania takiej osoby, jak r\u00f3wnie\u017c na\u0142o\u017cenie na przedsi\u0119biorc\u0119, na mocy decyzji, kary pieni\u0119\u017cnej za zawarcie niedozwolonego porozumienia \u2013 bowiem wy\u0142\u0105cznie w tre\u015bci takiej decyzji Prezes Urz\u0119du Ochrony<br \/>Konkurencji i Konsument\u00f3w (UOKIK) mo\u017ce stwierdzi\u0107 odpowiedzialno\u015b\u0107 osoby zarz\u0105dzaj\u0105cej.<\/p><p>W przypadku stwierdzenia odpowiedzialno\u015bci osoby zarz\u0105dzaj\u0105cej, Prezes UOKIK mo\u017ce na\u0142o\u017cy\u0107 na tak\u0105 osob\u0119 kar\u0119 pieni\u0119\u017cn\u0105 w wysoko\u015bci do 2 000 000 z\u0142. Podstaw\u0105 obliczenia wysoko\u015bci kary pieni\u0119\u017cnej jest przych\u00f3d osoby zarz\u0105dzaj\u0105cej uzyskany u tego przedsi\u0119biorcy w okresie, w kt\u00f3rym dosz\u0142o do naruszenia, przy uwzgl\u0119dnieniu okoliczno\u015bci \u0142agodz\u0105cych i obci\u0105\u017caj\u0105cych dan\u0105 osob\u0119. Jako okoliczno\u015bci \u0142agodz\u0105ce traktowane s\u0105 w szczeg\u00f3lno\u015bci: dzia\u0142anie pod przymusem, przyczynienie si\u0119 do dobrowolnego usuni\u0119cia przez przedsi\u0119biorc\u0119 skutk\u00f3w naruszenia, przyczynienie si\u0119 do zaniechania przez przedsi\u0119biorc\u0119 z w\u0142asnej inicjatywy stosowania niedozwolonej praktyki przed wszcz\u0119ciem post\u0119powania lub niezw\u0142ocznie po jego wszcz\u0119ciu, podj\u0119cie z w\u0142asnej inicjatywy dzia\u0142a\u0144 w celu zaprzestania naruszenia lub usuni\u0119cia jego skutk\u00f3w, wsp\u00f3\u0142praca z Prezesem UOKIK w toku post\u0119powania, w szczeg\u00f3lno\u015bci przyczynienie si\u0119 do szybkiego i sprawnego przeprowadzenia post\u0119powania. Powy\u017cszy katalog ma charakter otwarty i osoby zarz\u0105dzaj\u0105ce mog\u0105 podnosi\u0107 inne okoliczno\u015bci, kt\u00f3re ich zdaniem czyni\u0105 zasadnym z\u0142agodzenie kary i kt\u00f3re w ka\u017cdej sprawie podlegaj\u0105 ocenie Prezesa UOKiK. Jako okoliczno\u015bci obci\u0105\u017caj\u0105ce traktowane s\u0105: rola organizatora, inicjatora porozumienia ograniczaj\u0105cego konkurencj\u0119 lub nak\u0142anianie innych przedsi\u0119biorc\u00f3w lub os\u00f3b do uczestnictwa w porozumieniu, czerpanie przez osob\u0119 zarz\u0105dzaj\u0105c\u0105 korzy\u015bci w zwi\u0105zku z naruszeniem, przymuszanie, wywieranie presji lub stosowanie \u015brodk\u00f3w odwetowych w stosunku do innych przedsi\u0119biorc\u00f3w lub os\u00f3b w celu wprowadzenia w \u017cycie lub kontynuowania naruszenia, dokonanie uprzednio przez osob\u0119 zarz\u0105dzaj\u0105c\u0105 podobnego naruszenia. Powy\u017cszy katalog ma charakter zamkni\u0119ty. Prezes UOKiK nie mo\u017ce uzasadnia\u0107 podwy\u017cszenia kary pieni\u0119\u017cnej nak\u0142adanej na osoby zarz\u0105dzaj\u0105ce innymi okoliczno\u015bciami sprawy.<\/p>\t\t\t\t\t\t\t\t<\/div>\n\t\t\t\t<\/div>\n\t\t\t\t<div class=\"elementor-element elementor-element-911d856 elementor-alert-info exad-sticky-section-no exad-glass-effect-no elementor-widget elementor-widget-alert\" data-id=\"911d856\" data-element_type=\"widget\" data-e-type=\"widget\" data-widget_type=\"alert.default\">\n\t\t\t\t<div class=\"elementor-widget-container\">\n\t\t\t\t\t\t\t<div class=\"elementor-alert\" role=\"alert\">\n\n\t\t\t\n\t\t\t\t\t\t<span class=\"elementor-alert-description\">\u00a9 Miller, Canfield, W. Babicki, A. Che\u0142chowski i Wsp\u00f3lnicy Sp. k.<\/span>\n\t\t\t\n\t\t\t\t\t\t<button type=\"button\" class=\"elementor-alert-dismiss\" aria-label=\"Dismiss this alert.\">\n\t\t\t\t\t\t\t\t\t<span aria-hidden=\"true\">&times;<\/span>\n\t\t\t\t\t\t\t<\/button>\n\t\t\t\n\t\t<\/div>\n\t\t\t\t\t\t<\/div>\n\t\t\t\t<\/div>\n\t\t\t\t\t<\/div>\n\t\t\t\t<\/div>\n\t\t\t\t<\/div>\n\t\t","protected":false},"excerpt":{"rendered":"<p>Na mocy nowelizacji ustawy o ochronie konkurencji i konsument\u00f3w (ustawa z dnia 16 lutego 2007 r.; Dz. U. Nr 50, poz. 331, z p\u00f3\u017an. zm., dalej jako \u201eUstawa\u201d), obowi\u0105zuj\u0105cej od 18 stycznia 2015 r., osoby zarz\u0105dzaj\u0105ce przedsi\u0119biorstwem, przez kt\u00f3re rozumie si\u0119 osoby kieruj\u0105ce przedsi\u0119biorstwem, w szczeg\u00f3lno\u015bci pe\u0142ni\u0105ce funkcj\u0119 kierownicz\u0105 lub wchodz\u0105ce w sk\u0142ad organu zarz\u0105dzaj\u0105cego [&hellip;]<\/p>\n","protected":false},"author":2,"featured_media":875,"comment_status":"closed","ping_status":"open","sticky":false,"template":"","format":"standard","meta":{"_acf_changed":false,"footnotes":""},"categories":[13,1],"tags":[],"class_list":["post-3654","post","type-post","status-publish","format-standard","has-post-thumbnail","hentry","category-polish-law-review-en","category-publications"],"acf":[],"yoast_head":"<!-- This site is optimized with the Yoast SEO plugin v27.4 - https:\/\/yoast.com\/product\/yoast-seo-wordpress\/ -->\n<title>LIABILITY OF EXECUTIVES FOR AN INFRINGEMENT OF ANTICOMPETITIVE ARRANGEMENT-RELATED BANS<\/title>\n<meta name=\"description\" content=\"Liability of executives for an infringement of anticompetitive arrangement-related bans \u2013 analysis of the liability of executives for breaching anticompetitive laws in Poland.\" \/>\n<meta name=\"robots\" content=\"index, follow, max-snippet:-1, max-image-preview:large, max-video-preview:-1\" \/>\n<link rel=\"canonical\" href=\"https:\/\/millercanfield.pl\/en\/liability-of-executives-for-an-infringement-of-anticompetitive-arrangement-related-bans\/\" \/>\n<meta property=\"og:locale\" content=\"en_US\" \/>\n<meta property=\"og:type\" content=\"article\" \/>\n<meta property=\"og:title\" content=\"LIABILITY OF EXECUTIVES FOR AN INFRINGEMENT OF ANTICOMPETITIVE ARRANGEMENT-RELATED BANS\" \/>\n<meta property=\"og:description\" content=\"Liability of executives for an infringement of anticompetitive arrangement-related bans \u2013 analysis of the liability of executives for breaching anticompetitive laws in Poland.\" \/>\n<meta property=\"og:url\" content=\"https:\/\/millercanfield.pl\/en\/liability-of-executives-for-an-infringement-of-anticompetitive-arrangement-related-bans\/\" \/>\n<meta property=\"og:site_name\" content=\"MillerCanfield\" \/>\n<meta property=\"article:published_time\" content=\"2016-02-22T15:42:51+00:00\" \/>\n<meta property=\"article:modified_time\" content=\"2025-04-14T18:03:41+00:00\" \/>\n<meta property=\"og:image\" content=\"https:\/\/millercanfield.pl\/wp-content\/uploads\/2024\/05\/iStock-855645002-scaled.jpg\" \/>\n\t<meta property=\"og:image:width\" content=\"2560\" \/>\n\t<meta property=\"og:image:height\" content=\"1586\" \/>\n\t<meta property=\"og:image:type\" content=\"image\/jpeg\" \/>\n<meta name=\"author\" content=\"MillerCanfield\" \/>\n<meta name=\"twitter:card\" content=\"summary_large_image\" \/>\n<meta name=\"twitter:label1\" content=\"Written by\" \/>\n\t<meta name=\"twitter:data1\" content=\"MillerCanfield\" \/>\n\t<meta name=\"twitter:label2\" content=\"Est. reading time\" \/>\n\t<meta name=\"twitter:data2\" content=\"3 minutes\" \/>\n<script type=\"application\/ld+json\" class=\"yoast-schema-graph\">{\"@context\":\"https:\\\/\\\/schema.org\",\"@graph\":[{\"@type\":\"Article\",\"@id\":\"https:\\\/\\\/millercanfield.pl\\\/en\\\/liability-of-executives-for-an-infringement-of-anticompetitive-arrangement-related-bans\\\/#article\",\"isPartOf\":{\"@id\":\"https:\\\/\\\/millercanfield.pl\\\/en\\\/liability-of-executives-for-an-infringement-of-anticompetitive-arrangement-related-bans\\\/\"},\"author\":{\"name\":\"MillerCanfield\",\"@id\":\"https:\\\/\\\/millercanfield.pl\\\/en\\\/#\\\/schema\\\/person\\\/06e8d38944bdda88e80fa2b7d1e71e4f\"},\"headline\":\"LIABILITY OF EXECUTIVES FOR AN INFRINGEMENT OF ANTICOMPETITIVE ARRANGEMENT-RELATED BANS\",\"datePublished\":\"2016-02-22T15:42:51+00:00\",\"dateModified\":\"2025-04-14T18:03:41+00:00\",\"mainEntityOfPage\":{\"@id\":\"https:\\\/\\\/millercanfield.pl\\\/en\\\/liability-of-executives-for-an-infringement-of-anticompetitive-arrangement-related-bans\\\/\"},\"wordCount\":714,\"publisher\":{\"@id\":\"https:\\\/\\\/millercanfield.pl\\\/en\\\/#organization\"},\"image\":{\"@id\":\"https:\\\/\\\/millercanfield.pl\\\/en\\\/liability-of-executives-for-an-infringement-of-anticompetitive-arrangement-related-bans\\\/#primaryimage\"},\"thumbnailUrl\":\"https:\\\/\\\/millercanfield.pl\\\/wp-content\\\/uploads\\\/2024\\\/05\\\/iStock-855645002-scaled.jpg\",\"articleSection\":[\"Polish Law Review\",\"Publications\"],\"inLanguage\":\"en-US\"},{\"@type\":\"WebPage\",\"@id\":\"https:\\\/\\\/millercanfield.pl\\\/en\\\/liability-of-executives-for-an-infringement-of-anticompetitive-arrangement-related-bans\\\/\",\"url\":\"https:\\\/\\\/millercanfield.pl\\\/en\\\/liability-of-executives-for-an-infringement-of-anticompetitive-arrangement-related-bans\\\/\",\"name\":\"LIABILITY OF EXECUTIVES FOR AN INFRINGEMENT OF ANTICOMPETITIVE ARRANGEMENT-RELATED BANS\",\"isPartOf\":{\"@id\":\"https:\\\/\\\/millercanfield.pl\\\/en\\\/#website\"},\"primaryImageOfPage\":{\"@id\":\"https:\\\/\\\/millercanfield.pl\\\/en\\\/liability-of-executives-for-an-infringement-of-anticompetitive-arrangement-related-bans\\\/#primaryimage\"},\"image\":{\"@id\":\"https:\\\/\\\/millercanfield.pl\\\/en\\\/liability-of-executives-for-an-infringement-of-anticompetitive-arrangement-related-bans\\\/#primaryimage\"},\"thumbnailUrl\":\"https:\\\/\\\/millercanfield.pl\\\/wp-content\\\/uploads\\\/2024\\\/05\\\/iStock-855645002-scaled.jpg\",\"datePublished\":\"2016-02-22T15:42:51+00:00\",\"dateModified\":\"2025-04-14T18:03:41+00:00\",\"description\":\"Liability of executives for an infringement of anticompetitive arrangement-related bans \u2013 analysis of the liability of executives for breaching anticompetitive laws in Poland.\",\"breadcrumb\":{\"@id\":\"https:\\\/\\\/millercanfield.pl\\\/en\\\/liability-of-executives-for-an-infringement-of-anticompetitive-arrangement-related-bans\\\/#breadcrumb\"},\"inLanguage\":\"en-US\",\"potentialAction\":[{\"@type\":\"ReadAction\",\"target\":[\"https:\\\/\\\/millercanfield.pl\\\/en\\\/liability-of-executives-for-an-infringement-of-anticompetitive-arrangement-related-bans\\\/\"]}]},{\"@type\":\"ImageObject\",\"inLanguage\":\"en-US\",\"@id\":\"https:\\\/\\\/millercanfield.pl\\\/en\\\/liability-of-executives-for-an-infringement-of-anticompetitive-arrangement-related-bans\\\/#primaryimage\",\"url\":\"https:\\\/\\\/millercanfield.pl\\\/wp-content\\\/uploads\\\/2024\\\/05\\\/iStock-855645002-scaled.jpg\",\"contentUrl\":\"https:\\\/\\\/millercanfield.pl\\\/wp-content\\\/uploads\\\/2024\\\/05\\\/iStock-855645002-scaled.jpg\",\"width\":2560,\"height\":1586},{\"@type\":\"BreadcrumbList\",\"@id\":\"https:\\\/\\\/millercanfield.pl\\\/en\\\/liability-of-executives-for-an-infringement-of-anticompetitive-arrangement-related-bans\\\/#breadcrumb\",\"itemListElement\":[{\"@type\":\"ListItem\",\"position\":1,\"name\":\"Strona g\u0142\u00f3wna\",\"item\":\"https:\\\/\\\/millercanfield.pl\\\/en\\\/\"},{\"@type\":\"ListItem\",\"position\":2,\"name\":\"LIABILITY OF EXECUTIVES FOR AN INFRINGEMENT OF ANTICOMPETITIVE ARRANGEMENT-RELATED BANS\"}]},{\"@type\":\"WebSite\",\"@id\":\"https:\\\/\\\/millercanfield.pl\\\/en\\\/#website\",\"url\":\"https:\\\/\\\/millercanfield.pl\\\/en\\\/\",\"name\":\"MillerCanfield\",\"description\":\"\",\"publisher\":{\"@id\":\"https:\\\/\\\/millercanfield.pl\\\/en\\\/#organization\"},\"potentialAction\":[{\"@type\":\"SearchAction\",\"target\":{\"@type\":\"EntryPoint\",\"urlTemplate\":\"https:\\\/\\\/millercanfield.pl\\\/en\\\/?s={search_term_string}\"},\"query-input\":{\"@type\":\"PropertyValueSpecification\",\"valueRequired\":true,\"valueName\":\"search_term_string\"}}],\"inLanguage\":\"en-US\"},{\"@type\":\"Organization\",\"@id\":\"https:\\\/\\\/millercanfield.pl\\\/en\\\/#organization\",\"name\":\"Miller Canfield\",\"url\":\"https:\\\/\\\/millercanfield.pl\\\/en\\\/\",\"logo\":{\"@type\":\"ImageObject\",\"inLanguage\":\"en-US\",\"@id\":\"https:\\\/\\\/millercanfield.pl\\\/en\\\/#\\\/schema\\\/logo\\\/image\\\/\",\"url\":\"https:\\\/\\\/millercanfield.pl\\\/wp-content\\\/uploads\\\/2024\\\/04\\\/mclogo.png\",\"contentUrl\":\"https:\\\/\\\/millercanfield.pl\\\/wp-content\\\/uploads\\\/2024\\\/04\\\/mclogo.png\",\"width\":684,\"height\":250,\"caption\":\"Miller Canfield\"},\"image\":{\"@id\":\"https:\\\/\\\/millercanfield.pl\\\/en\\\/#\\\/schema\\\/logo\\\/image\\\/\"},\"sameAs\":[\"https:\\\/\\\/www.linkedin.com\\\/company\\\/miller-canfield-poland-real-estate\\\/\"]},{\"@type\":\"Person\",\"@id\":\"https:\\\/\\\/millercanfield.pl\\\/en\\\/#\\\/schema\\\/person\\\/06e8d38944bdda88e80fa2b7d1e71e4f\",\"name\":\"MillerCanfield\",\"image\":{\"@type\":\"ImageObject\",\"inLanguage\":\"en-US\",\"@id\":\"https:\\\/\\\/secure.gravatar.com\\\/avatar\\\/461c3262b2ec04cbeab90180519ea242e7112ded61caaf45dbdca3df73a5fbf1?s=96&d=mm&r=g\",\"url\":\"https:\\\/\\\/secure.gravatar.com\\\/avatar\\\/461c3262b2ec04cbeab90180519ea242e7112ded61caaf45dbdca3df73a5fbf1?s=96&d=mm&r=g\",\"contentUrl\":\"https:\\\/\\\/secure.gravatar.com\\\/avatar\\\/461c3262b2ec04cbeab90180519ea242e7112ded61caaf45dbdca3df73a5fbf1?s=96&d=mm&r=g\",\"caption\":\"MillerCanfield\"},\"url\":\"https:\\\/\\\/millercanfield.pl\\\/en\\\/author\\\/kasiaaleszczyk\\\/\"}]}<\/script>\n<!-- \/ Yoast SEO plugin. -->","yoast_head_json":{"title":"LIABILITY OF EXECUTIVES FOR AN INFRINGEMENT OF ANTICOMPETITIVE ARRANGEMENT-RELATED BANS","description":"Liability of executives for an infringement of anticompetitive arrangement-related bans \u2013 analysis of the liability of executives for breaching anticompetitive laws in Poland.","robots":{"index":"index","follow":"follow","max-snippet":"max-snippet:-1","max-image-preview":"max-image-preview:large","max-video-preview":"max-video-preview:-1"},"canonical":"https:\/\/millercanfield.pl\/en\/liability-of-executives-for-an-infringement-of-anticompetitive-arrangement-related-bans\/","og_locale":"en_US","og_type":"article","og_title":"LIABILITY OF EXECUTIVES FOR AN INFRINGEMENT OF ANTICOMPETITIVE ARRANGEMENT-RELATED BANS","og_description":"Liability of executives for an infringement of anticompetitive arrangement-related bans \u2013 analysis of the liability of executives for breaching anticompetitive laws in Poland.","og_url":"https:\/\/millercanfield.pl\/en\/liability-of-executives-for-an-infringement-of-anticompetitive-arrangement-related-bans\/","og_site_name":"MillerCanfield","article_published_time":"2016-02-22T15:42:51+00:00","article_modified_time":"2025-04-14T18:03:41+00:00","og_image":[{"width":2560,"height":1586,"url":"https:\/\/millercanfield.pl\/wp-content\/uploads\/2024\/05\/iStock-855645002-scaled.jpg","type":"image\/jpeg"}],"author":"MillerCanfield","twitter_card":"summary_large_image","twitter_misc":{"Written by":"MillerCanfield","Est. reading time":"3 minutes"},"schema":{"@context":"https:\/\/schema.org","@graph":[{"@type":"Article","@id":"https:\/\/millercanfield.pl\/en\/liability-of-executives-for-an-infringement-of-anticompetitive-arrangement-related-bans\/#article","isPartOf":{"@id":"https:\/\/millercanfield.pl\/en\/liability-of-executives-for-an-infringement-of-anticompetitive-arrangement-related-bans\/"},"author":{"name":"MillerCanfield","@id":"https:\/\/millercanfield.pl\/en\/#\/schema\/person\/06e8d38944bdda88e80fa2b7d1e71e4f"},"headline":"LIABILITY OF EXECUTIVES FOR AN INFRINGEMENT OF ANTICOMPETITIVE ARRANGEMENT-RELATED BANS","datePublished":"2016-02-22T15:42:51+00:00","dateModified":"2025-04-14T18:03:41+00:00","mainEntityOfPage":{"@id":"https:\/\/millercanfield.pl\/en\/liability-of-executives-for-an-infringement-of-anticompetitive-arrangement-related-bans\/"},"wordCount":714,"publisher":{"@id":"https:\/\/millercanfield.pl\/en\/#organization"},"image":{"@id":"https:\/\/millercanfield.pl\/en\/liability-of-executives-for-an-infringement-of-anticompetitive-arrangement-related-bans\/#primaryimage"},"thumbnailUrl":"https:\/\/millercanfield.pl\/wp-content\/uploads\/2024\/05\/iStock-855645002-scaled.jpg","articleSection":["Polish Law Review","Publications"],"inLanguage":"en-US"},{"@type":"WebPage","@id":"https:\/\/millercanfield.pl\/en\/liability-of-executives-for-an-infringement-of-anticompetitive-arrangement-related-bans\/","url":"https:\/\/millercanfield.pl\/en\/liability-of-executives-for-an-infringement-of-anticompetitive-arrangement-related-bans\/","name":"LIABILITY OF EXECUTIVES FOR AN INFRINGEMENT OF ANTICOMPETITIVE ARRANGEMENT-RELATED BANS","isPartOf":{"@id":"https:\/\/millercanfield.pl\/en\/#website"},"primaryImageOfPage":{"@id":"https:\/\/millercanfield.pl\/en\/liability-of-executives-for-an-infringement-of-anticompetitive-arrangement-related-bans\/#primaryimage"},"image":{"@id":"https:\/\/millercanfield.pl\/en\/liability-of-executives-for-an-infringement-of-anticompetitive-arrangement-related-bans\/#primaryimage"},"thumbnailUrl":"https:\/\/millercanfield.pl\/wp-content\/uploads\/2024\/05\/iStock-855645002-scaled.jpg","datePublished":"2016-02-22T15:42:51+00:00","dateModified":"2025-04-14T18:03:41+00:00","description":"Liability of executives for an infringement of anticompetitive arrangement-related bans \u2013 analysis of the liability of executives for breaching anticompetitive laws in Poland.","breadcrumb":{"@id":"https:\/\/millercanfield.pl\/en\/liability-of-executives-for-an-infringement-of-anticompetitive-arrangement-related-bans\/#breadcrumb"},"inLanguage":"en-US","potentialAction":[{"@type":"ReadAction","target":["https:\/\/millercanfield.pl\/en\/liability-of-executives-for-an-infringement-of-anticompetitive-arrangement-related-bans\/"]}]},{"@type":"ImageObject","inLanguage":"en-US","@id":"https:\/\/millercanfield.pl\/en\/liability-of-executives-for-an-infringement-of-anticompetitive-arrangement-related-bans\/#primaryimage","url":"https:\/\/millercanfield.pl\/wp-content\/uploads\/2024\/05\/iStock-855645002-scaled.jpg","contentUrl":"https:\/\/millercanfield.pl\/wp-content\/uploads\/2024\/05\/iStock-855645002-scaled.jpg","width":2560,"height":1586},{"@type":"BreadcrumbList","@id":"https:\/\/millercanfield.pl\/en\/liability-of-executives-for-an-infringement-of-anticompetitive-arrangement-related-bans\/#breadcrumb","itemListElement":[{"@type":"ListItem","position":1,"name":"Strona g\u0142\u00f3wna","item":"https:\/\/millercanfield.pl\/en\/"},{"@type":"ListItem","position":2,"name":"LIABILITY OF EXECUTIVES FOR AN INFRINGEMENT OF ANTICOMPETITIVE ARRANGEMENT-RELATED BANS"}]},{"@type":"WebSite","@id":"https:\/\/millercanfield.pl\/en\/#website","url":"https:\/\/millercanfield.pl\/en\/","name":"MillerCanfield","description":"","publisher":{"@id":"https:\/\/millercanfield.pl\/en\/#organization"},"potentialAction":[{"@type":"SearchAction","target":{"@type":"EntryPoint","urlTemplate":"https:\/\/millercanfield.pl\/en\/?s={search_term_string}"},"query-input":{"@type":"PropertyValueSpecification","valueRequired":true,"valueName":"search_term_string"}}],"inLanguage":"en-US"},{"@type":"Organization","@id":"https:\/\/millercanfield.pl\/en\/#organization","name":"Miller Canfield","url":"https:\/\/millercanfield.pl\/en\/","logo":{"@type":"ImageObject","inLanguage":"en-US","@id":"https:\/\/millercanfield.pl\/en\/#\/schema\/logo\/image\/","url":"https:\/\/millercanfield.pl\/wp-content\/uploads\/2024\/04\/mclogo.png","contentUrl":"https:\/\/millercanfield.pl\/wp-content\/uploads\/2024\/04\/mclogo.png","width":684,"height":250,"caption":"Miller Canfield"},"image":{"@id":"https:\/\/millercanfield.pl\/en\/#\/schema\/logo\/image\/"},"sameAs":["https:\/\/www.linkedin.com\/company\/miller-canfield-poland-real-estate\/"]},{"@type":"Person","@id":"https:\/\/millercanfield.pl\/en\/#\/schema\/person\/06e8d38944bdda88e80fa2b7d1e71e4f","name":"MillerCanfield","image":{"@type":"ImageObject","inLanguage":"en-US","@id":"https:\/\/secure.gravatar.com\/avatar\/461c3262b2ec04cbeab90180519ea242e7112ded61caaf45dbdca3df73a5fbf1?s=96&d=mm&r=g","url":"https:\/\/secure.gravatar.com\/avatar\/461c3262b2ec04cbeab90180519ea242e7112ded61caaf45dbdca3df73a5fbf1?s=96&d=mm&r=g","contentUrl":"https:\/\/secure.gravatar.com\/avatar\/461c3262b2ec04cbeab90180519ea242e7112ded61caaf45dbdca3df73a5fbf1?s=96&d=mm&r=g","caption":"MillerCanfield"},"url":"https:\/\/millercanfield.pl\/en\/author\/kasiaaleszczyk\/"}]}},"_links":{"self":[{"href":"https:\/\/millercanfield.pl\/en\/wp-json\/wp\/v2\/posts\/3654","targetHints":{"allow":["GET"]}}],"collection":[{"href":"https:\/\/millercanfield.pl\/en\/wp-json\/wp\/v2\/posts"}],"about":[{"href":"https:\/\/millercanfield.pl\/en\/wp-json\/wp\/v2\/types\/post"}],"author":[{"embeddable":true,"href":"https:\/\/millercanfield.pl\/en\/wp-json\/wp\/v2\/users\/2"}],"replies":[{"embeddable":true,"href":"https:\/\/millercanfield.pl\/en\/wp-json\/wp\/v2\/comments?post=3654"}],"version-history":[{"count":0,"href":"https:\/\/millercanfield.pl\/en\/wp-json\/wp\/v2\/posts\/3654\/revisions"}],"wp:featuredmedia":[{"embeddable":true,"href":"https:\/\/millercanfield.pl\/en\/wp-json\/wp\/v2\/media\/875"}],"wp:attachment":[{"href":"https:\/\/millercanfield.pl\/en\/wp-json\/wp\/v2\/media?parent=3654"}],"wp:term":[{"taxonomy":"category","embeddable":true,"href":"https:\/\/millercanfield.pl\/en\/wp-json\/wp\/v2\/categories?post=3654"},{"taxonomy":"post_tag","embeddable":true,"href":"https:\/\/millercanfield.pl\/en\/wp-json\/wp\/v2\/tags?post=3654"}],"curies":[{"name":"wp","href":"https:\/\/api.w.org\/{rel}","templated":true}]}}